{"id":130,"date":"2007-07-13T12:06:35","date_gmt":"2007-07-13T11:06:35","guid":{"rendered":"http:\/\/www.cdlpv.org\/dtl\/?p=130"},"modified":"2007-07-13T12:06:35","modified_gmt":"2007-07-13T11:06:35","slug":"regulacions-linguistiques-en-lestatut-basic-de-lempleat-public-ebep-l72007","status":"publish","type":"post","link":"https:\/\/www.cdlpv.org\/dtl\/2007\/07\/13\/regulacions-linguistiques-en-lestatut-basic-de-lempleat-public-ebep-l72007\/","title":{"rendered":"Regulacions ling\u00fc\u00edstiques en l&#8217;Estatut b\u00e0sic de l&#8217;empleat p\u00fablic (EBEP &#8211; L7\/2007)"},"content":{"rendered":"<p>M\u00e9s avall &mdash;i atenent el suggeriment del company Josep Andr\u00e9s&mdash; publiquem els apartats de l&#8217;Estatut b\u00e0sic de l&#8217;empleat p\u00fablic (EBEP &#8211; L7\/2007 estatal) que contenen legislaci\u00f3 ling\u00fc\u00edstica. Hem marcat amb negreta els fragments directament relacionats amb la llengua &mdash;i hem elaborat la traducci\u00f3 amb l&#8217;ajuda de l&#8217;Internostrum&mdash;:<\/p>\n<p align=\"right\"><a href=\"http:\/\/www6.gencat.net\/llengcat\/legis\/docs\/fp_llei7_2007.pdf\" target=\"_blank\">[Veg. versi\u00f3 Generalitat de Catalunya &#8211; PDF]<\/a><br \/>\n<br \/><a href=\"http:\/\/www.boe.es\/g\/es\/bases_datos\/doc.php?coleccion=iberlex&#038;id=2007\/07788&#038;txtlen=1000\" target=\"_blank\">[Veg. versi\u00f3 original espanyola (BOE)]<\/a>\n<\/p>\n<blockquote>\n<h2>Llei 7\/2007, de 12 d\u2019abril, de l\u2019Estatut b\u00e0sic de l\u2019empleat p\u00fablic (BOE n\u00fam. 89, de 13 d\u2019abril)<\/h2>\n<h3>[&#8230;]<\/h3>\n<p class=\"article\">Article 54. Principis de conducta<\/p>\n<p>1. Han de tractar amb atenci\u00f3 i respecte els ciutadans, els seus superiors i els restants empleats p\u00fablics.<\/p>\n<p>2. L&#8217;acompliment de les tasques corresponents al seu lloc de treball s&#8217;ha de realitzar de forma diligent i complint la jornada i l&#8217;horari establits.<\/p>\n<p>3. Han d&#8217;obeir les instruccions i ordres professionals dels superiors, llevat que constitu\u00efxquen una infracci\u00f3 manifesta de l&#8217;ordenament jur\u00eddic. En este cas, les posaran immediatament en coneixement dels \u00f2rgans d&#8217;inspecci\u00f3 procedents.<\/p>\n<p>4. Han d&#8217;informar els ciutadans sobre aquelles mat\u00e8ries o assumptes que tinguen dret a con\u00e8ixer, i han de facilitar l&#8217;exercici dels seus drets i el compliment de les seues obligacions.<\/p>\n<p>5. Han d&#8217;administrar els recursos i b\u00e9ns p\u00fablics amb austeritat, i no els han d&#8217;utilitzar en profit propi o de persones pr\u00f2ximes. Tenen, aix\u00ed mateix, el deure vetlar per conservar-los.<\/p>\n<p>6. Han de rebutjar qualsevol regal, favor o servei en condicions avantatjoses que vaja m\u00e9s enll\u00e0 dels usos habituals, socials i de cortesia, sense perjudici del que establix el Codi penal.<\/p>\n<p>7. Han de garantir la const\u00e0ncia i perman\u00e8ncia dels documents per a transmetre&#8217;ls i lliurar-los als responsables posteriors.<\/p>\n<p>8. Han de mantindre actualitzada la seua formaci\u00f3 i qualificaci\u00f3.<\/p>\n<p>9. Han d&#8217;observar les normes sobre seguretat i salut laboral.<\/p>\n<p>10. Han de posar en coneixement dels seus superiors o dels \u00f2rgans competents les propostes que consideren adequades per a millorar el desenvolupament de les funcions de la unitat en la qual estiguen destinats. A estos efectes es pot preveure la creaci\u00f3 de la inst\u00e0ncia adequada competent per a centralitzar la recepci\u00f3 de les propostes dels empleats p\u00fablics o administrats que servixquen per a millorar l&#8217;efic\u00e0cia en el servei.<\/p>\n<p><strong>11. Han de garantir l&#8217;atenci\u00f3 al ciutad\u00e0 en la llengua en qu\u00e8 ho sol\u00b7licite sempre que siga oficial en el territori.<\/strong><\/p>\n<h3>[&#8230;]<\/h3>\n<p class=\"article\">Article 56. Requisits generals<\/p>\n<p>1. Per a poder participar en els processos selectius cal reunir els requisits seg\u00fcents:<\/p>\n<div class=\"subapartat\">\n<br \/><em>a<\/em>) Tenir la nacionalitat espanyola, sense perjudici del que es disposa en l&#8217;article seg\u00fcent.<br \/>\n<br \/><em>b<\/em>) Posseir la capacitat funcional per a l&#8217;acompliment de les tasques.<br \/>\n<br \/><em>c<\/em>) Tenir complits els setze anys i no excedir, quan pertoque, de l&#8217;edat m\u00e0xima de jubilaci\u00f3 for\u00e7osa. Nom\u00e9s per llei podr\u00e0 establir-se una altra edat m\u00e0xima, diferent de l&#8217;edat de jubilaci\u00f3 for\u00e7osa, per a l&#8217;acc\u00e9s a l&#8217;ocupaci\u00f3 p\u00fablica.<br \/>\n<br \/><em>d<\/em>) No haver estat separat mitjan\u00e7ant expedient disciplinari del servei de qualsevol de les administracions p\u00fabliques o dels \u00f2rgans constitucionals o estatutaris de les comunitats aut\u00f2nomes, ni trobar-se en inhabilitaci\u00f3 absoluta o especial per a ocupacions o c\u00e0rrecs p\u00fablics per resoluci\u00f3 judicial, per a l&#8217;acc\u00e9s al cos o escala de funcionari, o per a exercir funcions similars a les quals ocupaven en el cas del personal laboral, en el qual haguera estat separat o inhabilitat. En el cas de ser nacional d&#8217;un altre estat, no estar inhabilitat o en situaci\u00f3 equivalent ni haver estat sotm\u00e9s a cap sanci\u00f3 disciplin\u00e0ria o equivalent que impedixca, en el seu estat, en els mateixos termes, l&#8217;acc\u00e9s a l&#8217;ocupaci\u00f3 p\u00fablica.<br \/>\n<br \/><em>e<\/em>) Posseir la titulaci\u00f3 exigida.\n<\/div>\n<p><\/p>\n<p><strong>2. Les administracions p\u00fabliques, en l&#8217;\u00e0mbit de les seues compet\u00e8ncies, han de promoure la selecci\u00f3 d&#8217;empleats p\u00fablics degudament capacitats per a cobrir els llocs de treball en les comunitats aut\u00f2nomes que tinguen dos lleng\u00fces oficials.<\/strong><\/p>\n<p>3. Pot exigir-se el compliment d&#8217;uns altres requisits espec\u00edfics que tinguen relaci\u00f3 objectiva i proporcionada amb les funcions assumides i les tasques que cal dur a terme. En tot cas, s&#8217;han d&#8217;establir de manera abstracta i general.<\/p>\n<h3>[&#8230;]<\/h3>\n<p class=\"article\">Article 61. Sistemes selectius<\/p>\n<p>1. Els processos selectius han de tindre car\u00e0cter obert i han de garantir la lliure concurr\u00e8ncia, sense perjudici d&#8217;all\u00f2 establit per a la promoci\u00f3 interna i de les mesures de discriminaci\u00f3 positiva previstes en este estatut.<\/p>\n<p>Els \u00f2rgans de selecci\u00f3 han de vetlar pel compliment del principi d&#8217;igualtat d&#8217;oportunitats entre sexes.<\/p>\n<p>2. Els procediments de selecci\u00f3 han de tindre cura especialment de la connexi\u00f3 entre el tipus de proves a superar i l&#8217;adequaci\u00f3 per a l&#8217;acompliment de les tasques dels llocs de treball convocats, incloent-hi, si \u00e9s el cas, les proves pr\u00e0ctiques que siguen necess\u00e0ries.<\/p>\n<p><strong>Les proves poden consistir en la comprovaci\u00f3 dels coneixements i la capacitat anal\u00edtica dels aspirants, expressats de forma oral o escrita, en la realitzaci\u00f3 d&#8217;exercicis que demostren la possessi\u00f3 d&#8217;habilitats i destreses, en la comprovaci\u00f3 del domini de lleng\u00fces estrangeres i, si \u00e9s el cas, en la superaci\u00f3 de proves f\u00edsiques.<\/strong><\/p>\n<p>3. Els processos selectius que incloguen, a m\u00e9s de les proves preceptives de capacitat, la valoraci\u00f3 de m\u00e8rits dels aspirants, nom\u00e9s poden atorgar a esta valoraci\u00f3 una puntuaci\u00f3 proporcionada que no determinar\u00e0, en cap cas, per ella mateixa el resultat del proc\u00e9s selectiu.<\/p>\n<p>4. Les administracions p\u00fabliques poden crear \u00f2rgans especialitzats i permanents per a l&#8217;organitzaci\u00f3 de processos selectius. Poden encomanar-se estes funcions als instituts o escoles d&#8217;administraci\u00f3 p\u00fablica.<\/p>\n<p>5. Per a assegurar l&#8217;objectivitat i la racionalitat dels processos selectius, les proves poden completar-se amb la superaci\u00f3 de cursos, de per\u00edodes de pr\u00e0ctiques, amb l&#8217;exposici\u00f3 curricular que puguen fer els candidats, amb proves psicot\u00e8cniques o amb la realitzaci\u00f3 d&#8217;entrevistes. Igualment, es poden exigir reconeixements m\u00e8dics.<\/p>\n<p>6. Els sistemes selectius de funcionaris de carrera s\u00f3n els d&#8217;oposici\u00f3 i concurs oposici\u00f3 que haurien d&#8217;incloure, en tot cas, una o diverses proves per a determinar la capacitat dels aspirants i establir l&#8217;ordre de prelaci\u00f3.<\/p>\n<p>Nom\u00e9s en virtut de llei podr\u00e0 aplicar-se, amb car\u00e0cter excepcional, el sistema de concurs que consistir\u00e0 \u00fanicament en la valoraci\u00f3 de m\u00e8rits.<\/p>\n<p>7. Els sistemes selectius de personal laboral fix seran els d&#8217;oposici\u00f3, concurs oposici\u00f3, amb les caracter\u00edstiques establides en l&#8217;apartat anterior, o concurs de valoraci\u00f3 de m\u00e8rits.<\/p>\n<p>Les administracions p\u00fabliques poden negociar les formes de col\u00b7laboraci\u00f3 que en el marc dels convenis col\u00b7lectius fixen l&#8217;actuaci\u00f3 de les organitzacions sindicals en el desenvolupament dels processos selectius.<\/p>\n<p>8. Els \u00f2rgans de selecci\u00f3 no poden proposar l&#8217;acc\u00e9s a la condici\u00f3 de funcionari d&#8217;un nombre superior d&#8217;aprovats al de places convocades, excepte quan aix\u00ed ho haja establit la mateixa convocat\u00f2ria.<\/p>\n<p>No obstant aix\u00f2, sempre que els \u00f2rgans de selecci\u00f3 hagen proposat el nomenament d&#8217;igual nombre d&#8217;aspirants que el de places convocades, i amb la finalitat d&#8217;assegurar la cobertura d&#8217;estes, quan es produ\u00efxquen ren\u00fancies dels aspirants seleccionats, abans del seu nomenament o presa de possessi\u00f3, l&#8217;\u00f2rgan convocant podr\u00e0 requerir de l&#8217;\u00f2rgan de selecci\u00f3 una relaci\u00f3 complement\u00e0ria dels aspirants que seguixquen als proposats, per al seu possible nomenament com a funcionaris de carrera.<\/p>\n<h3>[&#8230;]<\/h3>\n<p class=\"article\">Art\u00edculo 95. Faltes disciplin\u00e0ries<\/p>\n<p>1. Les faltes disciplin\u00e0ries poden ser molt greus, greus i lleus.<\/p>\n<p>2. S\u00f3n faltes molt greus:<\/p>\n<div class=\"subapartat\">\n<br \/><em>a<\/em>) L&#8217;incompliment del deure de respecte a la Constituci\u00f3 i als respectius estatuts d&#8217;autonomia de les comunitats aut\u00f2nomes i ciutats de Ceuta i Melilla en l&#8217;exercici de la funci\u00f3 p\u00fablica.<br \/>\n<br \/><em><strong>b<\/em>) Tota actuaci\u00f3 que supose discriminaci\u00f3 per ra\u00f3 d&#8217;origen racial o \u00e8tnic, religi\u00f3 o conviccions, discapacitat, edat o orientaci\u00f3 sexual, llengua, opini\u00f3, lloc de naixement o ve\u00efnatge, sexe o qualsevol altra condici\u00f3 o circumst\u00e0ncia personal o social, aix\u00ed com l&#8217;assetjament per ra\u00f3 d&#8217;origen racial o \u00e8tnic, religi\u00f3 o altres conviccions, discapacitat, edat o orientaci\u00f3 sexual i l&#8217;assetjament moral, sexual i per ra\u00f3 de sexe.<\/strong><br \/>\n<br \/><em>c<\/em>) L&#8217;aband\u00f3 del servei, aix\u00ed com no fer-se c\u00e0rrec volunt\u00e0riament de les tasques o funcions que tenen encomanades.<br \/>\n<br \/><em>d<\/em>) L&#8217;adopci\u00f3 d&#8217;acords manifestament il\u00b7legals que causen perjudici greu a l&#8217;administraci\u00f3 o als ciutadans.<br \/>\n<br \/><em>i<\/em>) La publicaci\u00f3 o utilitzaci\u00f3 indeguda de la documentaci\u00f3 o informaci\u00f3 a qu\u00e8 tinguen o hagen tingut acc\u00e9s per ra\u00f3 del seu c\u00e0rrec o funci\u00f3.<br \/>\n<br \/><em>f<\/em>) La neglig\u00e8ncia en la cust\u00f2dia de secrets oficials, declarats aix\u00ed per llei o classificats com a tals, que siga causa de la seua publicaci\u00f3 o que provoque la seua difusi\u00f3 o coneixement indegut.<br \/>\n<br \/><em>g<\/em>) L&#8217;incompliment notori de les funcions essencials inherents al lloc de treball o funcions encomanades.<br \/>\n<br \/><em>h<\/em>) La violaci\u00f3 de la imparcialitat, utilitzant les facultats atribu\u00efdes per a influir en processos electorals de qualsevol naturalesa i \u00e0mbit.<br \/>\n<br \/><em>i<\/em>) La desobedi\u00e8ncia oberta a les ordres o instruccions d&#8217;un superior, llevat que constitu\u00efxquen infracci\u00f3 manifesta de l&#8217;ordenament jur\u00eddic.<br \/>\n<br \/><em>j<\/em>) La prevalen\u00e7a de la condici\u00f3 d&#8217;empleat p\u00fablic per a obtenir un benefici indegut per a u mateix o per a alg\u00fa altre.<br \/>\n<br \/><em>k<\/em>) L&#8217;obstaculitzaci\u00f3 a l&#8217;exercici de les llibertats p\u00fabliques i drets sindicals.<br \/>\n<br \/><em>l<\/em>) La realitzaci\u00f3 d&#8217;actes encaminats a coartar el lliure exercici del dret de vaga.<br \/>\n<br \/><em>m<\/em>) L&#8217;incompliment de l&#8217;obligaci\u00f3 d&#8217;atendre els serveis essencials en cas de vaga.<br \/>\n<br \/><em>n<\/em>) L&#8217;incompliment de les normes sobre incompatibilitats quan aix\u00f2 done lloc a una situaci\u00f3 d&#8217;incompatibilitat.<br \/>\n<br \/><em>o<\/em>) La incompareixen\u00e7a injustificada en les comissions d&#8217;investigaci\u00f3 de les Corts Generals i de les assemblees legislatives de les comunitats aut\u00f2nomes.<br \/>\n<br \/><em>p<\/em>) L&#8217;assetjament laboral.<br \/>\n<br \/><em>q<\/em>) Tamb\u00e9 s\u00f3n faltes molt greus aquelles que queden tipificades aix\u00ed en una llei de les Corts Generals o de l&#8217;assemblea legislativa de la corresponent comunitat aut\u00f2noma o en els els convenis col\u00b7lectius en el cas de personal laboral.\n<\/div>\n<p><\/p>\n<p>3. Les faltes greus seran establides per una llei de les Corts Generals o de l&#8217;assemblea legislativa de la corresponent comunitat aut\u00f2noma o pels convenis col\u00b7lectius en el cas de personal laboral, atenent les circumst\u00e0ncies seg\u00fcents:<\/p>\n<div class=\"subapartat\">\n<br \/><em>a<\/em>) El grau en qu\u00e8 s&#8217;haja vulnerat la legalitat.<br \/>\n<br \/><em>b<\/em>) La gravetat dels danys causats a l&#8217;inter\u00e9s p\u00fablic, patrimoni o b\u00e9ns de l&#8217;administraci\u00f3 o dels ciutadans.<br \/>\n<br \/><em>c<\/em>) El descr\u00e8dit per a la imatge p\u00fablica de l&#8217;administraci\u00f3.\n<\/div>\n<p><\/p>\n<p>4. Les lleis de funci\u00f3 p\u00fablica que es dicten en desenvolupament del present estatut determinaran el r\u00e8gim aplicable a les faltes lleus, atenent les circumst\u00e0ncies anteriors.<\/p>\n<h3>[&#8230;]<\/h3>\n<p class=\"titol\">Disposici\u00f3 Addicional Segona<br \/>\n<br \/>Funcionaris amb habilitaci\u00f3 de car\u00e0cter estatal<\/p>\n<p>1. Funcions p\u00fabliques en les corporacions locals: <\/p>\n<p>1.1 S\u00f3n funcions p\u00fabliques, el compliment de les quals queda reservat exclusivament a funcionaris, aquelles que impliquen exercici d&#8217;autoritat, les de fe p\u00fablica i assessorament legal preceptiu, les de control i fiscalitzaci\u00f3 interna de la gesti\u00f3 economicofinancera i pressupost\u00e0ria, les de comptabilitat i tresoreria. <\/p>\n<p>1.2 S\u00f3n funcions p\u00fabliques necess\u00e0ries en totes les corporacions locals, la responsabilitat administrativa de les quals est\u00e0 reservada a funcionaris amb habilitaci\u00f3 de car\u00e0cter estatal: <\/p>\n<div class=\"subapartat\">\n<br \/><em>a<\/em>) La de secretaria, comprensiva de la fe p\u00fablica i l&#8217;assessorament legal preceptiu.<br \/>\n<br \/><em>b<\/em>) El control i la fiscalitzaci\u00f3 interna de la gesti\u00f3 economicofinancera i pressupost\u00e0ria, i la comptabilitat, tresoreria i recaptaci\u00f3.\n<\/div>\n<p><\/p>\n<p>2. L&#8217;escala de funcionaris amb habilitaci\u00f3 de car\u00e0cter estatal es subdividix en les subescales seg\u00fcents:<\/p>\n<div class=\"subapartat\">\n<br \/><em>a<\/em>) Secretaria a la qual correspon les funcions contingudes en l&#8217;apartat 1.2.<em>a<\/em>.<br \/>\n<br \/><em>b<\/em>) Intervenci\u00f3-tresoreria a la qual correspon les funcions contingudes en l&#8217;apartat 1.2.<em>b<\/em>.<br \/>\n<br \/><em>c<\/em>) Secretaria-intervenci\u00f3 a la qual correspon les funcions contingudes en els apartats 1.2.<em>a<\/em> i 1.2.<em>b<\/em>, excepte la funci\u00f3 de tresoreria.\n<\/div>\n<p><\/p>\n<p>Els funcionaris de les subescales de secretaria i intervenci\u00f3-tresoreria estaran integrats en una d&#8217;estes dos categories: entrada o superior. <\/p>\n<p>3. La creaci\u00f3, classificaci\u00f3 i supressi\u00f3 de llocs de treball reservats a funcionaris amb habilitaci\u00f3 de car\u00e0cter estatal correspon a cada comunitat aut\u00f2noma, d&#8217;acord amb els criteris b\u00e0sics que s&#8217;establixquen per llei. <\/p>\n<p>4. La convocat\u00f2ria de l&#8217;oferta d&#8217;ocupaci\u00f3, amb l&#8217;objectiu de cobrir les vacants existents de les places corresponents als funcionaris a qu\u00e8 es refereix l&#8217;apartat 1.2, correspon a les comunitats aut\u00f2nomes. Aix\u00ed mateix, \u00e9s de compet\u00e8ncia de les comunitats aut\u00f2nomes la selecci\u00f3 d&#8217;estos funcionaris, de conformitat amb els t\u00edtols acad\u00e8mics requerits i programes m\u00ednims aprovats reglament\u00e0riament pel Ministeri d&#8217;Administracions P\u00fabliques. Les comunitats aut\u00f2nomes han de publicar les convocat\u00f2ries de les proves selectives dels funcionaris amb habilitaci\u00f3 de car\u00e0cter estatal en els seus diaris oficials i les han de remetre al Ministeri d&#8217;Administracions P\u00fabliques perqu\u00e8 siguen publicades en el <em>Bolet\u00edn Oficial del Estado<\/em>. <\/p>\n<p>Les comunitats aut\u00f2nomes han de remetre la relaci\u00f3 de funcionaris nomenats al Ministeri d&#8217;Administracions P\u00fabliques a fi que este procedisca a acreditar l&#8217;habilitaci\u00f3 estatal obtinguda i a la inscripci\u00f3 en el registre corresponent. <\/p>\n<p>A este efecte, en el Ministeri d&#8217;Administracions P\u00fabliques hi ha d&#8217;haver un registre de funcionaris amb habilitaci\u00f3 de car\u00e0cter estatal en el qual haurien d&#8217;inscriure&#8217;s els nomenaments efectuats per les comunitats aut\u00f2nomes, situacions administratives, preses de possessi\u00f3, cessament, i totes les incid\u00e8ncies que afecten la carrera professional d&#8217;estos funcionaris. Este registre ha d&#8217;integrar les inscripcions practicades en els registres propis de les comunitats aut\u00f2nomes. <\/p>\n<p>Els funcionaris habilitats estan legitimats per a participar en els concursos de m\u00e8rits convocats per a la provisi\u00f3 dels llocs de treball reservats a estos funcionaris en les plantilles de les entitats locals. <\/p>\n<p>5. Provisi\u00f3 de llocs reservats a funcionaris amb habilitaci\u00f3 de car\u00e0cter estatal.<\/p>\n<p><strong>5.1. El concurs \u00e9s el sistema normal de provisi\u00f3 de llocs de treball i s&#8217;hi ha de tindre en compte els m\u00e8rits generals, els m\u00e8rits corresponents al coneixement de les especialitats de l&#8217;organitzaci\u00f3 territorial de cada comunitat aut\u00f2noma i del seu dret propi, el coneixement de la llengua oficial en els termes establits en la legislaci\u00f3 auton\u00f2mica respectiva i els m\u00e8rits espec\u00edfics directament relacionats amb les caracter\u00edstiques del lloc.<\/strong><\/p>\n<p>S&#8217;han de fer dos concursos anuals: el concurs ordinari i el concurs unitari. <\/p>\n<p>Les comunitats aut\u00f2nomes en el seu \u00e0mbit territorial han de regular les bases comunes del concurs ordinari aix\u00ed com el percentatge de puntuaci\u00f3 que corresponga a cadascun dels m\u00e8rits enumerats anteriorment. <\/p>\n<p>Les corporacions locals han d&#8217;aprovar el concurs ordinari anual amb inclusi\u00f3 de les places vacants que estimen necessari convocar. L&#8217;\u00e0mbit territorial del concurs ordinari ser\u00e0 el de la comunitat aut\u00f2noma a la qual pertanga la corporaci\u00f3 local. <\/p>\n<p>Els presidents de les corporacions locals han d&#8217;efectuar les convocat\u00f2ries del concurs ordinari i les ha de remetre a la comunitat aut\u00f2noma corresponent perqu\u00e8 siguen publicades. Les resolucions dels concursos han de ser efectuades per les corporacions locals i les han de remetre a la respectiva comunitat aut\u00f2noma que, despr\u00e9s de la coordinaci\u00f3 pr\u00e8via de les resolucions per a evitar la pluralitat simult\u00e0nia d&#8217;adjudicacions a favor d&#8217;un mateix concursant, les ha de publicar en el seu diari oficial i n&#8217;ha de donar trasllat al Ministeri d&#8217;Administracions P\u00fabliques perqu\u00e8 siguen publicades en el <em>Bolet\u00edn Oficial del Estado<\/em> i perqu\u00e8 s&#8217;incloguen en el registre de funcionaris amb habilitaci\u00f3 de car\u00e0cter estatal. <\/p>\n<p><strong>El Ministeri d&#8217;Administracions P\u00fabliques ha d&#8217;efectuar, suplet\u00f2riament, segons els m\u00e8rits generals i els de valoraci\u00f3 auton\u00f2mica i d&#8217;acord amb el que han establit les comunitats aut\u00f2nomes respecte al requisit de la llengua, la convocat\u00f2ria anual d&#8217;un concurs unitari dels llocs de treball vacants, reservats a funcionaris amb habilitaci\u00f3 de car\u00e0cter estatal que hagen de proveir-se per concurs, en els termes que establixca reglament\u00e0riament el Ministeri d&#8217;Administracions P\u00fabliques.<\/strong><\/p>\n<p>L&#8217;\u00e0mbit territorial del concurs unitari ser\u00e0 de car\u00e0cter estatal. <\/p>\n<p>5.2 Excepcionalment, per als municipis de gran poblaci\u00f3 previstos en l&#8217;article 121 de la Llei 7\/1985, aix\u00ed com les diputacions provincials i consells insulars, poden cobrir-se pel sistema de lliure designaci\u00f3, entre funcionaris amb habilitaci\u00f3 de car\u00e0cter estatal de la subescala i categoria corresponents, els llocs reservats per a ells que es determinen en les relacions de llocs de treball en els termes establits en la legislaci\u00f3 b\u00e0sica sobre funci\u00f3 p\u00fablica. <\/p>\n<p>5.3 Les comunitats aut\u00f2nomes han d&#8217;efectuar, d&#8217;acord amb la seua normativa, els nomenaments provisionals de funcionaris amb habilitaci\u00f3 de car\u00e0cter estatal, aix\u00ed com les comissions de serveis, acumulacions, nomenaments de personal inter\u00ed i de personal accidental. <\/p>\n<p>6. El r\u00e8gim disciplinari aplicable als funcionaris amb habilitaci\u00f3 de car\u00e0cter estatal es regula pel que dispose cada Comunitat Aut\u00f2noma, i correspon al Ministeri d&#8217;Administracions P\u00fabliques la resoluci\u00f3 dels expedients disciplinaris en qu\u00e8 el funcionari es trobe destinat en una comunitat diferent d&#8217;aquella en la qual se li va incoar l&#8217;expedient. <\/p>\n<p>7. Els funcionaris amb habilitaci\u00f3 de car\u00e0cter estatal es regixen pels sistemes d&#8217;acc\u00e9s, carrera, provisi\u00f3 de llocs i agrupaci\u00f3 de funcionaris aplicables en la seua corresponent comunitat aut\u00f2noma, respectant all\u00f2 establit en esta Llei.<\/p>\n<\/blockquote>\n","protected":false},"excerpt":{"rendered":"<p>M\u00e9s avall &mdash;i atenent el suggeriment del company Josep Andr\u00e9s&mdash; publiquem els apartats de l&#8217;Estatut b\u00e0sic de l&#8217;empleat p\u00fablic (EBEP &#8211; L7\/2007 estatal) que contenen legislaci\u00f3 ling\u00fc\u00edstica. Hem marcat amb negreta els fragments directament relacionats amb la llengua &mdash;i hem elaborat la traducci\u00f3 amb l&#8217;ajuda de l&#8217;Internostrum&mdash;: [Veg. versi\u00f3 Generalitat de Catalunya &#8211; PDF] [Veg. [&hellip;]<\/p>\n","protected":false},"author":2,"featured_media":0,"comment_status":"open","ping_status":"open","sticky":false,"template":"","format":"standard","meta":{"footnotes":""},"categories":[4,44,1,15,19,24],"tags":[],"class_list":["post-130","post","type-post","status-publish","format-standard","hentry","category-dret","category-ebep","category-general","category-laboral","category-politica","category-requisit-linguistic"],"_links":{"self":[{"href":"https:\/\/www.cdlpv.org\/dtl\/wp-json\/wp\/v2\/posts\/130","targetHints":{"allow":["GET"]}}],"collection":[{"href":"https:\/\/www.cdlpv.org\/dtl\/wp-json\/wp\/v2\/posts"}],"about":[{"href":"https:\/\/www.cdlpv.org\/dtl\/wp-json\/wp\/v2\/types\/post"}],"author":[{"embeddable":true,"href":"https:\/\/www.cdlpv.org\/dtl\/wp-json\/wp\/v2\/users\/2"}],"replies":[{"embeddable":true,"href":"https:\/\/www.cdlpv.org\/dtl\/wp-json\/wp\/v2\/comments?post=130"}],"version-history":[{"count":0,"href":"https:\/\/www.cdlpv.org\/dtl\/wp-json\/wp\/v2\/posts\/130\/revisions"}],"wp:attachment":[{"href":"https:\/\/www.cdlpv.org\/dtl\/wp-json\/wp\/v2\/media?parent=130"}],"wp:term":[{"taxonomy":"category","embeddable":true,"href":"https:\/\/www.cdlpv.org\/dtl\/wp-json\/wp\/v2\/categories?post=130"},{"taxonomy":"post_tag","embeddable":true,"href":"https:\/\/www.cdlpv.org\/dtl\/wp-json\/wp\/v2\/tags?post=130"}],"curies":[{"name":"wp","href":"https:\/\/api.w.org\/{rel}","templated":true}]}}