{"id":1296,"date":"2009-10-01T13:26:05","date_gmt":"2009-10-01T12:26:05","guid":{"rendered":"http:\/\/www.cdlpv.org\/dtl\/?p=1296"},"modified":"2009-10-01T13:26:05","modified_gmt":"2009-10-01T12:26:05","slug":"ortotipografia-del-llenguatge-cientific-i-tecnic","status":"publish","type":"post","link":"https:\/\/www.cdlpv.org\/dtl\/2009\/10\/01\/ortotipografia-del-llenguatge-cientific-i-tecnic\/","title":{"rendered":"Ortotipografia del llenguatge cient\u00edfic i t\u00e8cnic"},"content":{"rendered":"<p>Marta Torres Vilatarsana ens informa a trav\u00e9s d&#8217;Infoz\u00e8fir del seminari seg\u00fcent:<\/p>\n<blockquote><p>\nLa Societat Catalana de Terminologia (Scaterm), filial de l&#8217;Institut d&#8217;Estudis Catalans, anuncia com a activitat m\u00e9s propera el IV Seminari de Terminologia: \u00abOrtotipografia del llenguatge cient\u00edfic i t\u00e8cnic\u00bb, que tindr\u00e0 lloc l&#8217;11 de novembre, de 9 a 14 h, a l&#8217;<span class=\"versaleta\">iec<\/span>, i de la qual properament us donarem m\u00e9s detall. Hi ha previstes intervencions de Josep Llu\u00eds Llebot, Marc Barrac\u00f3 i Josep M. Mestres.<\/p>\n<p>Per a m\u00e9s informaci\u00f3 sobre la Scaterm aneu a <a href=\"http:\/\/scaterm.iec.cat\" target=\"_blank\"><em>http:\/\/scaterm.iec.cat<\/em><\/a>, on trobareu informaci\u00f3 sobre les activitats de la societat, com fer-se&#8217;n soci, el butllet\u00ed, premis, la revista <em>Termin\u00e0lia<\/em> i altres projectes, etc.<\/p>\n<p>Tamb\u00e9 us podeu adre\u00e7ar a:<\/p>\n<p>Societat Catalana de Terminologia<br \/>\nCarrer del Carme, 47 \u2013 08011 Barcelona<br \/>\n<strong>Tel.:<\/strong> 935 529 105<br \/>\n<strong>Fax:<\/strong> 932 701 180<br \/>\n<strong>A\/e:<\/strong> <a href=\"mailto:scaterm@iec.cat\" target=\"_blank\"><em>scaterm@iec.cat<\/em><\/a>\n<\/p><\/blockquote>\n","protected":false},"excerpt":{"rendered":"<p>Marta Torres Vilatarsana ens informa a trav\u00e9s d&#8217;Infoz\u00e8fir del seminari seg\u00fcent: La Societat Catalana de Terminologia (Scaterm), filial de l&#8217;Institut d&#8217;Estudis Catalans, anuncia com a activitat m\u00e9s propera el IV Seminari de Terminologia: \u00abOrtotipografia del llenguatge cient\u00edfic i t\u00e8cnic\u00bb, que tindr\u00e0 lloc l&#8217;11 de novembre, de 9 a 14 h, a l&#8217;iec, i de la [&hellip;]<\/p>\n","protected":false},"author":2,"featured_media":0,"comment_status":"open","ping_status":"open","sticky":false,"template":"","format":"standard","meta":{"footnotes":""},"categories":[2,10,1],"tags":[431],"class_list":["post-1296","post","type-post","status-publish","format-standard","hentry","category-comunicacio","category-formacio","category-general","tag-scaterm"],"_links":{"self":[{"href":"https:\/\/www.cdlpv.org\/dtl\/wp-json\/wp\/v2\/posts\/1296","targetHints":{"allow":["GET"]}}],"collection":[{"href":"https:\/\/www.cdlpv.org\/dtl\/wp-json\/wp\/v2\/posts"}],"about":[{"href":"https:\/\/www.cdlpv.org\/dtl\/wp-json\/wp\/v2\/types\/post"}],"author":[{"embeddable":true,"href":"https:\/\/www.cdlpv.org\/dtl\/wp-json\/wp\/v2\/users\/2"}],"replies":[{"embeddable":true,"href":"https:\/\/www.cdlpv.org\/dtl\/wp-json\/wp\/v2\/comments?post=1296"}],"version-history":[{"count":0,"href":"https:\/\/www.cdlpv.org\/dtl\/wp-json\/wp\/v2\/posts\/1296\/revisions"}],"wp:attachment":[{"href":"https:\/\/www.cdlpv.org\/dtl\/wp-json\/wp\/v2\/media?parent=1296"}],"wp:term":[{"taxonomy":"category","embeddable":true,"href":"https:\/\/www.cdlpv.org\/dtl\/wp-json\/wp\/v2\/categories?post=1296"},{"taxonomy":"post_tag","embeddable":true,"href":"https:\/\/www.cdlpv.org\/dtl\/wp-json\/wp\/v2\/tags?post=1296"}],"curies":[{"name":"wp","href":"https:\/\/api.w.org\/{rel}","templated":true}]}}