{"id":1289,"date":"2009-09-30T10:40:48","date_gmt":"2009-09-30T09:40:48","guid":{"rendered":"http:\/\/www.cdlpv.org\/dtl\/?p=1289"},"modified":"2009-09-30T10:40:48","modified_gmt":"2009-09-30T09:40:48","slug":"inauguracio-de-la-seu-descola-valenciana-a-alacant","status":"publish","type":"post","link":"https:\/\/www.cdlpv.org\/dtl\/2009\/09\/30\/inauguracio-de-la-seu-descola-valenciana-a-alacant\/","title":{"rendered":"Inauguraci\u00f3 de la seu d&#8217;Escola Valenciana a Alacant"},"content":{"rendered":"<p><a href=\"http:\/\/www.cdlpv.org\/dtl\/wp-content\/uploads\/2009\/09\/2009-Alacant1.jpg\" target=\"_blank\"><img loading=\"lazy\" decoding=\"async\" src=\"http:\/\/www.cdlpv.org\/dtl\/wp-content\/uploads\/2009\/09\/2009-Alacant1.jpg\" alt=\"Inauguraci\u00f3 de la seu d&#039;Escola Valenciana\" title=\"2009-Alacant\" width=\"150\" height=\"150\" \/><\/a><\/p>\n<p>Ferran Isabel ens fa arribar la informaci\u00f3 seg\u00fcent:<\/p>\n<blockquote><p>\nEl pr\u00f2xim divendres fem la inauguraci\u00f3 de la seu d&#8217;Escola Valenciana a Alacant. Aprofitarem per presentar algunes de les activitats que portarem endavant enguany des d&#8217;Escola Valenciana i des de l&#8217;Associaci\u00f3 C\u00edvica per la Normalitzaci\u00f3 del Valenci\u00e0 de l&#8217;Alacant\u00ed (cinema, concerts de la gira, trobades, voluntariat, \u00abAcosta&#8217;t al territori\u00bb, etc.) i per trobar-nos amb els amics i amigues que estimem i amb els quals compartim tantes coses.<\/p>\n<p><strong>Data:<\/strong> Divendres 2 d&#8217;octubre, a les 20 h<br \/>\n<strong>Lloc:<\/strong> C\/ Per\u00fa, 16 Bloc 2 &#8211; Alacant (carrer paral\u00b7lel a l&#8217;institut Badia de Baver, on hi ha lloc per a aparcar)<\/p>\n<p><strong>Hi intervenen:<\/strong><br \/>\nTudi Torr\u00f3, inspectora d&#8217;educaci\u00f3<br \/>\nDiego G\u00f3mez, president d&#8217;Escola Valenciana.<\/p>\n<p>Quan acabe l&#8217;acte hi ha prevista una picadeta.\n<\/p><\/blockquote>\n","protected":false},"excerpt":{"rendered":"<p>Ferran Isabel ens fa arribar la informaci\u00f3 seg\u00fcent: El pr\u00f2xim divendres fem la inauguraci\u00f3 de la seu d&#8217;Escola Valenciana a Alacant. Aprofitarem per presentar algunes de les activitats que portarem endavant enguany des d&#8217;Escola Valenciana i des de l&#8217;Associaci\u00f3 C\u00edvica per la Normalitzaci\u00f3 del Valenci\u00e0 de l&#8217;Alacant\u00ed (cinema, concerts de la gira, trobades, voluntariat, \u00abAcosta&#8217;t [&hellip;]<\/p>\n","protected":false},"author":2,"featured_media":0,"comment_status":"open","ping_status":"open","sticky":false,"template":"","format":"standard","meta":{"footnotes":""},"categories":[2,1],"tags":[54,183],"class_list":["post-1289","post","type-post","status-publish","format-standard","hentry","category-comunicacio","category-general","tag-alacant","tag-escola-valenciana"],"_links":{"self":[{"href":"https:\/\/www.cdlpv.org\/dtl\/wp-json\/wp\/v2\/posts\/1289","targetHints":{"allow":["GET"]}}],"collection":[{"href":"https:\/\/www.cdlpv.org\/dtl\/wp-json\/wp\/v2\/posts"}],"about":[{"href":"https:\/\/www.cdlpv.org\/dtl\/wp-json\/wp\/v2\/types\/post"}],"author":[{"embeddable":true,"href":"https:\/\/www.cdlpv.org\/dtl\/wp-json\/wp\/v2\/users\/2"}],"replies":[{"embeddable":true,"href":"https:\/\/www.cdlpv.org\/dtl\/wp-json\/wp\/v2\/comments?post=1289"}],"version-history":[{"count":0,"href":"https:\/\/www.cdlpv.org\/dtl\/wp-json\/wp\/v2\/posts\/1289\/revisions"}],"wp:attachment":[{"href":"https:\/\/www.cdlpv.org\/dtl\/wp-json\/wp\/v2\/media?parent=1289"}],"wp:term":[{"taxonomy":"category","embeddable":true,"href":"https:\/\/www.cdlpv.org\/dtl\/wp-json\/wp\/v2\/categories?post=1289"},{"taxonomy":"post_tag","embeddable":true,"href":"https:\/\/www.cdlpv.org\/dtl\/wp-json\/wp\/v2\/tags?post=1289"}],"curies":[{"name":"wp","href":"https:\/\/api.w.org\/{rel}","templated":true}]}}