{"id":1286,"date":"2009-09-29T10:41:27","date_gmt":"2009-09-29T09:41:27","guid":{"rendered":"http:\/\/www.cdlpv.org\/dtl\/?p=1286"},"modified":"2009-09-29T10:41:27","modified_gmt":"2009-09-29T09:41:27","slug":"el-requisit-linguistic-i-la-retorica-sindical","status":"publish","type":"post","link":"https:\/\/www.cdlpv.org\/dtl\/2009\/09\/29\/el-requisit-linguistic-i-la-retorica-sindical\/","title":{"rendered":"El requisit ling\u00fc\u00edstic i la ret\u00f2rica sindical"},"content":{"rendered":"<p>La regulaci\u00f3 del requisit ling\u00fc\u00edstic en l&#8217;administraci\u00f3 p\u00fablica valenciana est\u00e0 patint entrebancs imprevistos en l&#8217;elaboraci\u00f3 de la nova Llei d&#8217;ordenaci\u00f3 i gesti\u00f3 de la funci\u00f3 p\u00fablica valenciana. A m\u00e9s dels que pod\u00edem sospitar que hi posarien els dirigents pol\u00edtics valencians en el govern, s&#8217;han sumat a la pol\u00edtica de des\u00fas del valenci\u00e0 (i no en contra del requisit ling\u00fc\u00edstic, que continua existint per al castell\u00e0) els sindicats <span class=\"versaleta\">ugt<\/span> i <span class=\"versaleta\">cc oo<\/span>, ja que han firmat l&#8217;esborrany de llei, esborrany que continua problematitzant el respecte als drets ling\u00fc\u00edstics del personal de l&#8217;administraci\u00f3 i, de rebot, dels ciutadans valencians (art. 53 i 100 <a href=\"http:\/\/www.cdlpv.org\/dtl\/?page_id=1281\" target=\"_blank\"><span class=\"versaleta\"><em>[dtl]<\/em><\/span><\/a>) en no tractar amb igualtat les dos lleng\u00fces oficials (valenci\u00e0 i castell\u00e0).<\/p>\n<p>Per contra, ac\u00ed teniu l&#8217;esmena proposada per l&#8217;<span class=\"versaleta\">stas<\/span> per a l&#8217;article 53:<\/p>\n<blockquote><p>\nPer a superar les proves selectives les persones aspirants hauran d&#8217;acreditar els seus coneixements de les dues llengues oficials, tant en l&#8217;expressi\u00f3 oral com en l&#8217;escrita.<\/p>\n<p>L&#8217;acreditaci\u00f3 es far\u00e0 mitjan\u00e7ant la presentaci\u00f3 dels certificats, diplomes o t\u00edtols que hagen estat homologats per la Generalitat, o b\u00e9 mitjan\u00e7ant la realitzaci\u00f3 d&#8217;un exercici espec\u00edfic en qu\u00e8 l&#8217;idioma en q\u00fcesti\u00f3 siga el vehicle d&#8217;expressi\u00f3 en qualsevol de les tasques que hauran de dur a terme en el lloc de treball corresponent.<\/p>\n<p>Com a norma general, el nivell de coneixement de valenci\u00e0 que s&#8217;ha d&#8217;acreditar \u00e9s el del nivell mitj\u00e0, excepte per a les agrupacions professionals funcionarials, en qu\u00e8 el nivell exigit podr\u00e0 ser l&#8217;elemental, i per als cossos o escales espec\u00edfics en qu\u00e8 el desenvolupament del treball exigisca uns coneixements m\u00e9s elevats, casos en els quals el nivell de coneixement de valenci\u00e0 exigit podr\u00e0 ser el superior.<\/p>\n<p>Igualment, el nivell de coneixement de castell\u00e0 que s&#8217;ha d&#8217;acreditar \u00e9s el del nivell C1 del marc europeu de refer\u00e8ncia, excepte per a les agrupacions professionals funcionarials, en qu\u00e8 el nivell exigit podr\u00e0 ser el B1, i per als cossos espec\u00edfics en qu\u00e8 el desenvolupament del treball exigisca uns coneixements m\u00e9s elevats, casos en els quals el nivell de coneixement de castell\u00e0 exigit podr\u00e0 ser el C2.\n<\/p><\/blockquote>\n<p>Quant a la pol\u00e8mica que ha generat la ren\u00fancia de <span class=\"versaleta\">cc oo<\/span> (i UGT) als drets ling\u00fc\u00edstics dels valencians, podeu llegir els articles seg\u00fcents:<\/p>\n<ol>\n<li>Francesc Esteve: \u00abContra el valenci\u00e0 i la paraula donada\u00bb (<em>Levante<\/em>, <a href=\"http:\/\/www.levante-emv.com\/opinion\/2009\/08\/06\/opinion-valencia-paraula-donada\/618695.html\" target=\"_blank\">06.08.2009<\/a>)\n<li>Francesc Esteve: \u00abCC OO falta al valenci\u00e0 i a la paraula\u00bb (<em>Levante,<\/em> <a href=\"http:\/\/www.levante-emv.com\/opinion\/2009\/08\/27\/cc-oo-falta-valencia-i-paraula\/624807.html\" target=\"_blank\">27.08.2009<\/a>)\n<li>Ferran Vicent Garc\u00eda Ferrer: \u00abUn se\u00f1or entestat en el seu error\u00bb (<em>Levante<\/em>, <a href=\"\" target=\"_blank\">11.09.2009<\/a>)\n<li>Francesc Esteve: \u00abRequisit valenci\u00e0, descr\u00e8dit de CC OO\u00bb (<em>Levante,<\/em> <a href=\"\" target=\"_blank\">23.09.2009<\/a>)\n<li>Ferran Suay: \u00abEnemics de les lleng\u00fces\u00bb (<em>Levante,<\/em> <a href=\"http:\/\/www.levante-emv.com\/opinion\/2009\/09\/26\/enemics-les-llengues\/635101.html\" target=\"_blank\">26.09.2009<\/a>)\n<\/ol>\n","protected":false},"excerpt":{"rendered":"<p>La regulaci\u00f3 del requisit ling\u00fc\u00edstic en l&#8217;administraci\u00f3 p\u00fablica valenciana est\u00e0 patint entrebancs imprevistos en l&#8217;elaboraci\u00f3 de la nova Llei d&#8217;ordenaci\u00f3 i gesti\u00f3 de la funci\u00f3 p\u00fablica valenciana. A m\u00e9s dels que pod\u00edem sospitar que hi posarien els dirigents pol\u00edtics valencians en el govern, s&#8217;han sumat a la pol\u00edtica de des\u00fas del valenci\u00e0 (i no en [&hellip;]<\/p>\n","protected":false},"author":2,"featured_media":0,"comment_status":"open","ping_status":"open","sticky":false,"template":"","format":"standard","meta":{"footnotes":""},"categories":[36,4,1,15,19,24],"tags":[274,441],"class_list":["post-1286","post","type-post","status-publish","format-standard","hentry","category-allofobia","category-dret","category-general","category-laboral","category-politica","category-requisit-linguistic","tag-legislacio","tag-sindicats"],"_links":{"self":[{"href":"https:\/\/www.cdlpv.org\/dtl\/wp-json\/wp\/v2\/posts\/1286","targetHints":{"allow":["GET"]}}],"collection":[{"href":"https:\/\/www.cdlpv.org\/dtl\/wp-json\/wp\/v2\/posts"}],"about":[{"href":"https:\/\/www.cdlpv.org\/dtl\/wp-json\/wp\/v2\/types\/post"}],"author":[{"embeddable":true,"href":"https:\/\/www.cdlpv.org\/dtl\/wp-json\/wp\/v2\/users\/2"}],"replies":[{"embeddable":true,"href":"https:\/\/www.cdlpv.org\/dtl\/wp-json\/wp\/v2\/comments?post=1286"}],"version-history":[{"count":0,"href":"https:\/\/www.cdlpv.org\/dtl\/wp-json\/wp\/v2\/posts\/1286\/revisions"}],"wp:attachment":[{"href":"https:\/\/www.cdlpv.org\/dtl\/wp-json\/wp\/v2\/media?parent=1286"}],"wp:term":[{"taxonomy":"category","embeddable":true,"href":"https:\/\/www.cdlpv.org\/dtl\/wp-json\/wp\/v2\/categories?post=1286"},{"taxonomy":"post_tag","embeddable":true,"href":"https:\/\/www.cdlpv.org\/dtl\/wp-json\/wp\/v2\/tags?post=1286"}],"curies":[{"name":"wp","href":"https:\/\/api.w.org\/{rel}","templated":true}]}}