{"id":1276,"date":"2009-09-28T13:40:22","date_gmt":"2009-09-28T12:40:22","guid":{"rendered":"http:\/\/www.cdlpv.org\/dtl\/?p=1276"},"modified":"2009-09-28T13:40:22","modified_gmt":"2009-09-28T12:40:22","slug":"els-espais-terminologics-del-termcat","status":"publish","type":"post","link":"https:\/\/www.cdlpv.org\/dtl\/2009\/09\/28\/els-espais-terminologics-del-termcat\/","title":{"rendered":"Els espais terminol\u00f2gics del Termcat"},"content":{"rendered":"<p>Marta Torres Vilatarsana ens fa arribar a trav\u00e9s d&#8217;Infoz\u00e8fir la informaci\u00f3 seg\u00fcent:<\/p>\n<blockquote>\n<h2>El Termcat obre la inscripci\u00f3 a la tercera edici\u00f3 dels Espais Terminol\u00f2gics<\/h2>\n<p>El proper 12 de novembre a l&#8217;aula magna de la Universitat de Barcelona el Termcat convoca els III Espais Terminol\u00f2gics, la trobada de car\u00e0cter biennal que el centre convoca per afavorir el debat entre experts en terminologia i en les disciplines que s\u2019hi relacionen.<\/p>\n<p>En aquesta tercera edici\u00f3, els Espais Terminol\u00f2gics acostaran els assistents a la variaci\u00f3 geoling\u00fc\u00edstica en terminologia, que s\u2019abordar\u00e0 des de dos vessants complementaris: la perspectiva ling\u00fc\u00edstica i lexicogr\u00e0fica i el punt de vista dels especialistes. Com en edicions anteriors, s\u2019ha convidat a participar-hi experts de reconegut prestigi i es promour\u00e0 l\u2019intercanvi de coneixements entre persones de diferents perfils professionals i de diferents proced\u00e8ncies dins i fora de l\u2019\u00e0mbit de la llengua catalana.<\/p>\n<p>Trobareu el programa detallat, la butlleta d\u2019inscripci\u00f3 i m\u00e9s informaci\u00f3 sobre aquesta jornada al web <a href=\"www.termcat.cat\" target=\"_blank\">www.termcat.cat<\/a>.\n<\/p><\/blockquote>\n","protected":false},"excerpt":{"rendered":"<p>Marta Torres Vilatarsana ens fa arribar a trav\u00e9s d&#8217;Infoz\u00e8fir la informaci\u00f3 seg\u00fcent: El Termcat obre la inscripci\u00f3 a la tercera edici\u00f3 dels Espais Terminol\u00f2gics El proper 12 de novembre a l&#8217;aula magna de la Universitat de Barcelona el Termcat convoca els III Espais Terminol\u00f2gics, la trobada de car\u00e0cter biennal que el centre convoca per afavorir [&hellip;]<\/p>\n","protected":false},"author":2,"featured_media":0,"comment_status":"open","ping_status":"open","sticky":false,"template":"","format":"standard","meta":{"footnotes":""},"categories":[10,1,30],"tags":[467],"class_list":["post-1276","post","type-post","status-publish","format-standard","hentry","category-formacio","category-general","category-terminologia","tag-termcat"],"_links":{"self":[{"href":"https:\/\/www.cdlpv.org\/dtl\/wp-json\/wp\/v2\/posts\/1276","targetHints":{"allow":["GET"]}}],"collection":[{"href":"https:\/\/www.cdlpv.org\/dtl\/wp-json\/wp\/v2\/posts"}],"about":[{"href":"https:\/\/www.cdlpv.org\/dtl\/wp-json\/wp\/v2\/types\/post"}],"author":[{"embeddable":true,"href":"https:\/\/www.cdlpv.org\/dtl\/wp-json\/wp\/v2\/users\/2"}],"replies":[{"embeddable":true,"href":"https:\/\/www.cdlpv.org\/dtl\/wp-json\/wp\/v2\/comments?post=1276"}],"version-history":[{"count":0,"href":"https:\/\/www.cdlpv.org\/dtl\/wp-json\/wp\/v2\/posts\/1276\/revisions"}],"wp:attachment":[{"href":"https:\/\/www.cdlpv.org\/dtl\/wp-json\/wp\/v2\/media?parent=1276"}],"wp:term":[{"taxonomy":"category","embeddable":true,"href":"https:\/\/www.cdlpv.org\/dtl\/wp-json\/wp\/v2\/categories?post=1276"},{"taxonomy":"post_tag","embeddable":true,"href":"https:\/\/www.cdlpv.org\/dtl\/wp-json\/wp\/v2\/tags?post=1276"}],"curies":[{"name":"wp","href":"https:\/\/api.w.org\/{rel}","templated":true}]}}