{"id":1271,"date":"2009-09-24T13:30:12","date_gmt":"2009-09-24T12:30:12","guid":{"rendered":"http:\/\/www.cdlpv.org\/dtl\/?p=1271"},"modified":"2009-09-24T13:30:12","modified_gmt":"2009-09-24T12:30:12","slug":"el-debat-linguistic-basc","status":"publish","type":"post","link":"https:\/\/www.cdlpv.org\/dtl\/2009\/09\/24\/el-debat-linguistic-basc\/","title":{"rendered":"El debat ling\u00fc\u00edstic basc"},"content":{"rendered":"<p>Els canvis que est\u00e0 introduint el govern socialista en el Pa\u00eds Basc tenen un sentit que sembla clar (<em>El Pa\u00eds,<\/em> <a href=\"http:\/\/www.elpais.com\/articulo\/educacion\/Gobierno\/vasco\/relega\/debate\/linguistico\/anos\/polemicas\/elpepusocedu\/20090921elpepiedu_2\/Tes\" target=\"_blank\">21.09.2009<\/a>):<\/p>\n<blockquote>\n<h2>El govern basc relega el debat ling\u00fc\u00edstic despr\u00e9s d&#8217;anys de pol\u00e8miques<\/h2>\n<h3>Ha arribat el momento de centrar-se &#8220;en la resta&#8221;, diu la consellera<\/h3>\n[&#8230;]\n<p>Per\u00f2 amb algunes novetats, entre les quals en destaquen dos. Una \u00e9s la recuperaci\u00f3 de les exempcions d&#8217;estudiar \u00e8uscar, que <span class=\"versaleta\">ea<\/span> va eliminar per als estudiants que estigueren m\u00e9s d&#8217;un any en el sistema basc. A partir d&#8217;ara, l&#8217;alumne que complixca determinades condicions (com ara incorporar-se al sistema educatiu basc procedent d&#8217;altres comunitats aut\u00f2nomes i estar de pas en la comunitat) no tindran obligaci\u00f3 d&#8217;examinar-se d&#8217;\u00e8uscar. Podran aprendre, si aix\u00ed ho desitgen, la llengua basca, per\u00f2 sense tindre obligaci\u00f3 d&#8217;examinar-se&#8217;n i, per tant, el seu expedient acad\u00e8mic no es veur\u00e0 perjudicat. D&#8217;altra banda, els col\u00b7leges podran introduir m\u00e9s mat\u00e8ries en \u00e8uscar en el model A (en castell\u00e0 amb la llengua basca com assignatura), sempre que no siguen troncals, com les matem\u00e0tiques. \u00c9s una soluci\u00f3 provisional a l&#8217;espera del model \u00fanic triling\u00fce.\n<\/p><\/blockquote>\n<p>Tal com podem observar l&#8217;\u00e8uscar (i no el castell\u00e0) \u00e9s un coneiximent que pot perjudicar els expedients acad\u00e8mics, que no \u00e9s v\u00e0lid per a assignatures troncals o que nom\u00e9s ser\u00e0 voluntari per als alumnes que viuen temporalment al Pa\u00eds Basc&#8230; Res de tot aix\u00f2 t\u00e9 a vore amb l&#8217;ensenyament o la ling\u00fc\u00edstica, sin\u00f3 amb el nacionalisme ling\u00fc\u00edstic espanyol.<\/p>\n","protected":false},"excerpt":{"rendered":"<p>Els canvis que est\u00e0 introduint el govern socialista en el Pa\u00eds Basc tenen un sentit que sembla clar (El Pa\u00eds, 21.09.2009): El govern basc relega el debat ling\u00fc\u00edstic despr\u00e9s d&#8217;anys de pol\u00e8miques Ha arribat el momento de centrar-se &#8220;en la resta&#8221;, diu la consellera [&#8230;] Per\u00f2 amb algunes novetats, entre les quals en destaquen dos. [&hellip;]<\/p>\n","protected":false},"author":2,"featured_media":0,"comment_status":"open","ping_status":"open","sticky":false,"template":"","format":"standard","meta":{"footnotes":""},"categories":[36,4,45,10,1,19,27],"tags":[196,346],"class_list":["post-1271","post","type-post","status-publish","format-standard","hentry","category-allofobia","category-dret","category-ensenyament","category-formacio","category-general","category-politica","category-sociolinguistica","tag-euscar","tag-pais-basc"],"_links":{"self":[{"href":"https:\/\/www.cdlpv.org\/dtl\/wp-json\/wp\/v2\/posts\/1271","targetHints":{"allow":["GET"]}}],"collection":[{"href":"https:\/\/www.cdlpv.org\/dtl\/wp-json\/wp\/v2\/posts"}],"about":[{"href":"https:\/\/www.cdlpv.org\/dtl\/wp-json\/wp\/v2\/types\/post"}],"author":[{"embeddable":true,"href":"https:\/\/www.cdlpv.org\/dtl\/wp-json\/wp\/v2\/users\/2"}],"replies":[{"embeddable":true,"href":"https:\/\/www.cdlpv.org\/dtl\/wp-json\/wp\/v2\/comments?post=1271"}],"version-history":[{"count":0,"href":"https:\/\/www.cdlpv.org\/dtl\/wp-json\/wp\/v2\/posts\/1271\/revisions"}],"wp:attachment":[{"href":"https:\/\/www.cdlpv.org\/dtl\/wp-json\/wp\/v2\/media?parent=1271"}],"wp:term":[{"taxonomy":"category","embeddable":true,"href":"https:\/\/www.cdlpv.org\/dtl\/wp-json\/wp\/v2\/categories?post=1271"},{"taxonomy":"post_tag","embeddable":true,"href":"https:\/\/www.cdlpv.org\/dtl\/wp-json\/wp\/v2\/tags?post=1271"}],"curies":[{"name":"wp","href":"https:\/\/api.w.org\/{rel}","templated":true}]}}