{"id":1268,"date":"2009-09-23T11:09:26","date_gmt":"2009-09-23T10:09:26","guid":{"rendered":"http:\/\/www.cdlpv.org\/dtl\/?p=1268"},"modified":"2009-09-23T11:09:26","modified_gmt":"2009-09-23T10:09:26","slug":"conferencia-sobre-el-catala-a-la-ue","status":"publish","type":"post","link":"https:\/\/www.cdlpv.org\/dtl\/2009\/09\/23\/conferencia-sobre-el-catala-a-la-ue\/","title":{"rendered":"Confer\u00e8ncia sobre el catal\u00e0 a la UE"},"content":{"rendered":"<p>Xavier Rull ens informa a trav\u00e9s d&#8217;Infoz\u00e8fir de la confer\u00e8ncia seg\u00fcent:<\/p>\n<blockquote>\n<h2>Confer\u00e8ncia \u00abEl catal\u00e0 a la Uni\u00f3 Europea\u00bb<\/h2>\n<p>A c\u00e0rrec d&#8217;Antoni Milian.<\/p>\n<p><strong>Dia:<\/strong> dilluns 28 de setembre del 2009<br \/>\n<strong>Hora:<\/strong> 18.30 h<br \/>\n<strong>Lloc:<\/strong> Sala Nicolau d&#8217;Olwer, l\u2019Institut d\u2019Estudis Catalans (carrer del Carme, 47, Barcelona)<\/p>\n<p>En aquesta sessi\u00f3 est\u00e0 previst fer un breu rep\u00e0s del r\u00e8gim jur\u00eddic ling\u00fc\u00edstic de la Uni\u00f3 Europea per, tot seguit, analitzar les novetats m\u00e9s importants que s\u2019hi han introdu\u00eft des de l\u2019any 2003 (moment en qu\u00e8 la Uni\u00f3 constava de 15 estats membres i tenia reconegudes 11 lleng\u00fces oficials) fins el dia d\u2019avui, en qu\u00e8 s\u00f3n 27 els estats que componen la Uni\u00f3 i 23 les lleng\u00fces oficials reconegudes. A m\u00e9s dels canvis quantitatius, tamb\u00e9 hi ha hagut una evoluci\u00f3 qualitativa que afecte les lleng\u00fces altres que les oficials de la Uni\u00f3. A partir de l\u2019an\u00e0lisi d\u2019aquesta evoluci\u00f3 mirarem d\u2019extreure algunes consideracions sobre la posici\u00f3 de la llengua catalana dins la Uni\u00f3 Europea i quines s\u00f3n les expectatives de cara el futur.<\/p>\n<p>Organitza: Societat Catalana de Llengua i Literatura i Societat Catalana de Socioling\u00fc\u00edstica\n<\/p><\/blockquote>\n","protected":false},"excerpt":{"rendered":"<p>Xavier Rull ens informa a trav\u00e9s d&#8217;Infoz\u00e8fir de la confer\u00e8ncia seg\u00fcent: Confer\u00e8ncia \u00abEl catal\u00e0 a la Uni\u00f3 Europea\u00bb A c\u00e0rrec d&#8217;Antoni Milian. Dia: dilluns 28 de setembre del 2009 Hora: 18.30 h Lloc: Sala Nicolau d&#8217;Olwer, l\u2019Institut d\u2019Estudis Catalans (carrer del Carme, 47, Barcelona) En aquesta sessi\u00f3 est\u00e0 previst fer un breu rep\u00e0s del r\u00e8gim [&hellip;]<\/p>\n","protected":false},"author":2,"featured_media":0,"comment_status":"open","ping_status":"open","sticky":false,"template":"","format":"standard","meta":{"footnotes":""},"categories":[4,10,1,19,35],"tags":[71,112],"class_list":["post-1268","post","type-post","status-publish","format-standard","hentry","category-dret","category-formacio","category-general","category-politica","category-unio-europea","tag-barcelona","tag-conferencies"],"_links":{"self":[{"href":"https:\/\/www.cdlpv.org\/dtl\/wp-json\/wp\/v2\/posts\/1268","targetHints":{"allow":["GET"]}}],"collection":[{"href":"https:\/\/www.cdlpv.org\/dtl\/wp-json\/wp\/v2\/posts"}],"about":[{"href":"https:\/\/www.cdlpv.org\/dtl\/wp-json\/wp\/v2\/types\/post"}],"author":[{"embeddable":true,"href":"https:\/\/www.cdlpv.org\/dtl\/wp-json\/wp\/v2\/users\/2"}],"replies":[{"embeddable":true,"href":"https:\/\/www.cdlpv.org\/dtl\/wp-json\/wp\/v2\/comments?post=1268"}],"version-history":[{"count":0,"href":"https:\/\/www.cdlpv.org\/dtl\/wp-json\/wp\/v2\/posts\/1268\/revisions"}],"wp:attachment":[{"href":"https:\/\/www.cdlpv.org\/dtl\/wp-json\/wp\/v2\/media?parent=1268"}],"wp:term":[{"taxonomy":"category","embeddable":true,"href":"https:\/\/www.cdlpv.org\/dtl\/wp-json\/wp\/v2\/categories?post=1268"},{"taxonomy":"post_tag","embeddable":true,"href":"https:\/\/www.cdlpv.org\/dtl\/wp-json\/wp\/v2\/tags?post=1268"}],"curies":[{"name":"wp","href":"https:\/\/api.w.org\/{rel}","templated":true}]}}