{"id":126,"date":"2007-07-10T08:39:05","date_gmt":"2007-07-10T07:39:05","guid":{"rendered":"http:\/\/www.cdlpv.org\/dtl\/?p=126"},"modified":"2007-07-10T08:39:05","modified_gmt":"2007-07-10T07:39:05","slug":"el-pp-no-vol-que-vegen-infotv-a-ontinyent","status":"publish","type":"post","link":"https:\/\/www.cdlpv.org\/dtl\/2007\/07\/10\/el-pp-no-vol-que-vegen-infotv-a-ontinyent\/","title":{"rendered":"El PP no vol que vegen InfoTV a Ontinyent"},"content":{"rendered":"<p><img decoding=\"async\" id=\"image127\" height=84 alt=\"El PP impedix InfoTV a Ontinyent\" src=\"http:\/\/www.cdlpv.org\/dtl\/wp-content\/jesteve.miniatura.jpg\" border=0 align=\"right\" \/>En relaci\u00f3 amb la censura del mitjans de comunicaci\u00f3, i tant podem parlar d&#8217;Hugo Ch\u00e1vez a Vene\u00e7uela, de Nazab\u00e0iev al Kazakhstan o de Francisco Camps (o Eduardo Zaplana) al Pa\u00eds Valenci\u00e0, tenim un altre personatge a afegir: l&#8217;alcaldessa d&#8217;Ontinyent (del PP), que ha decidit eliminar de les opcions televisives l&#8217;emissi\u00f3 d&#8217;InfoTV. El motiu \u00e9s clar: els molesta la transpar\u00e8ncia i la promoci\u00f3 de la diversitat d&#8217;opini\u00f3. Les raons addu\u00efdes, en canvi, s\u00f3n rid\u00edcules i enfosquixen el discurs que va pronunciar l&#8217;alcaldessa el dia de la presa de possessi\u00f3, dia en qu\u00e8 tant va repetir que volia governar per a \u00abtots\u00bb.<\/p>\n<p>Segons la informaci\u00f3 d&#8217;ag\u00e8ncia que reprodu\u00efx Vilaweb (<a href=\"http:\/\/www.vilaweb.cat\/www\/noticia?p_idcmp=2473559&#038;p_edi=ontinyent\" target=\"_blank\">dl. 09.07.2007<\/a>):<\/p>\n<blockquote>\n<h2>InfoTV assegura que l&#8217;Ajuntament d&#8217;Ontinyent ha tallat la seua emissi\u00f3 justificant-ho en una \u00abaposta per la pluralitat\u00bb<\/h2>\n<h5>Val\u00e8ncia, dl. 09.07.2007 (Europa Press)<\/h5>\n<p>InfoTV ha assegurat, a trav\u00e9s d&#8217;un comunicat, que l&#8217;Ajuntament d&#8217;Ontinyent va decidir divendres passat de forma \u00abunilateral\u00bb tallar la seua emissi\u00f3 i substituir-la pel senyal d&#8217;Eurosport i d&#8217;Euronews amb la justificaci\u00f3 que d&#8217;aquesta manera \u00abamplia l&#8217;oferta informativa\u00bb i \u00abd\u00f3na una major pluralitat\u00bb. Per als responsables d&#8217;InfoTV aquest \u00abgest t\u00e9 tant d&#8217;injust i de dolor\u00f3s per als espectadors del canal com d&#8217;autoritari i de sectari per al conjunt de la poblaci\u00f3 d&#8217;Ontinyent\u00bb, ja que els ciutadans de la poblaci\u00f3 \u00abestan a partir d&#8217;ara privats d&#8217;un canal democr\u00e0tic, progressista i valencianista que oferia una visi\u00f3 del m\u00f3n i de la vida diferent de la de la resta de mitjans i per eixa ra\u00f3 constitu\u00efa un complement necessari\u00bb.<\/p>\n<p>En aquesta l\u00ednia, han argumentat que \u00abel mapa audiovisual a Ontinyent era fins a divendres m\u00e9s complet i m\u00e9s plural que el d&#8217;ara, mutilat innecess\u00e0riament per qui det\u00e9 el poder per\u00f2 que alhora, amb aquesta classe d&#8217;iniciatives, perd l&#8217;autoritat\u00bb. \u00abEstranya la decisi\u00f3, m\u00e9s encara venint com ve d&#8217;un partit, el <span class=\"versaleta\">pp<\/span>, que ha considerat <em>casus belli<\/em> el tancament d&#8217;una televisi\u00f3 privada per part del govern d&#8217;Hugo Ch\u00e1vez, el president vene\u00e7ol\u00e0\u00bb, han agregat.<\/p>\n<p>Segons l&#8217;opini\u00f3 d&#8217;aquest canal, constitueix \u00abuna burla al sentit com\u00fa i a la intel\u00b7lig\u00e8ncia dels ciutadans la ra\u00f3 al\u00b7legada per l&#8217;Ajuntament per a justificar el tall d&#8217;emissions\u00bb. \u00abDe fet &mdash;han prosseguit&mdash; la nota de premsa emesa per l&#8217;Ajuntament divendres passat, diu que canviar InfoTV pel senyal d&#8217;Eurosport i d&#8217;Euronews \u00abamplia l&#8217;oferta informativa\u00bb i \u00abd\u00f3na una major pluralitat\u00bb.<\/p>\n<p>Respecte d&#8217;aix\u00f2, des d&#8217;InfoTV han assegurat que \u00abno s&#8217;ent\u00e9n com s&#8217;amplia res i hi ha m\u00e9s pluralitat si es prescindeix d&#8217;un mitj\u00e0 valenci\u00e0, en valenci\u00e0 i amb continguts valencians, l&#8217;\u00fanic que hi ha d&#8217;aquestes caracter\u00edstiques\u00bb. L&#8217;\u00fanica explicaci\u00f3 comprensible, per a aquestes fonts, \u00e9s \u00abla que l&#8217;Ajuntament d&#8217;Ontinyent no vol recon\u00e9ixer: que tallen InfoTV perqu\u00e8, des de l&#8217;\u00e8tica professional i des de la democr\u00e0cia escrupolosa, mant\u00e9 posicions cr\u00edtiques amb el govern del <span class=\"versaleta\">pp<\/span> i denuncia els abusos verbals i f\u00e0ctics que comet\u00bb.<\/p>\n<p>L&#8217;Ajuntament d&#8217;Ontinyent \u00abintenta desacreditar InfoTV amb dos hipot\u00e8tiques raons m\u00e9s, que s\u00f3n que aquest canal no t\u00e9 llic\u00e8ncia d&#8217;emissi\u00f3 i que \u00e9s una televisi\u00f3 fortament polititzada, com si a\u00e7\u00f2 \u00faltim f\u00f3ra un dem\u00e8rit\u00bb, han apuntat.<\/p>\n<p>En aquest punt, fonts d&#8217;InfoTV han replicat que la cadena \u00abno est\u00e0 fortament polititzada, sin\u00f3 que d\u00f3na molta import\u00e0ncia a la informaci\u00f3 pol\u00edtica, perqu\u00e8 \u00e9s en el m\u00f3n de la pol\u00edtica on es prenen les decisions que milloren o empitjoren la vida dels ciutadans\u00bb. Ha postil\u00b7lat que \u00abInfoTV destaca perqu\u00e8 d\u00f3na cabuda a tots els partits i totes les veus, sense m\u00e9s excepci\u00f3 que els comportaments no democr\u00e0tics i ha estat el primer canal a transmetre, \u00edntegrament, m\u00edtings dels principals partits, el <span class=\"versaleta\">pp<\/span>, el <span class=\"versaleta\">pspv-psoe<\/span> o Comprom\u00eds\u00bb, han recordat.<\/p>\n<p>Per al canal \u00e9s tamb\u00e9 \u00abdiscutible l&#8217;altre argument final, ja que seria molt m\u00e9s exacte haver dit que InfoTV, a pesar de complir \u00e0mpliament tots els requisits, no ha rebut per ara cap llic\u00e8ncia per part de la Generalitat en el concurs convocat l&#8217;any 2006\u00bb. \u00abPer eixa ra\u00f3, el concurs i la decisi\u00f3 de la Generalitat estan recorreguts davant dels tribunals de Just\u00edcia i seran els jutges els que diran qu\u00ed comet il\u00b7legalitats\u00bb, han asseverat.<\/p>\n<p>En tot cas, InfoTV \u00abno emetia directament a Ontinyent i, per a\u00e7\u00f2, no ha com\u00e9s cap il\u00b7legalitat; el que InfoTV feia amb la Televisi\u00f3 d&#8217;Ontinyent era subministrar-li uns continguts que aquesta difonia a tots els seus espectadors\u00bb, han puntualitzat.\n<\/p><\/blockquote>\n","protected":false},"excerpt":{"rendered":"<p>En relaci\u00f3 amb la censura del mitjans de comunicaci\u00f3, i tant podem parlar d&#8217;Hugo Ch\u00e1vez a Vene\u00e7uela, de Nazab\u00e0iev al Kazakhstan o de Francisco Camps (o Eduardo Zaplana) al Pa\u00eds Valenci\u00e0, tenim un altre personatge a afegir: l&#8217;alcaldessa d&#8217;Ontinyent (del PP), que ha decidit eliminar de les opcions televisives l&#8217;emissi\u00f3 d&#8217;InfoTV. El motiu \u00e9s clar: [&hellip;]<\/p>\n","protected":false},"author":2,"featured_media":0,"comment_status":"open","ping_status":"open","sticky":false,"template":"","format":"standard","meta":{"footnotes":""},"categories":[2,1,19,34],"tags":[],"class_list":["post-126","post","type-post","status-publish","format-standard","hentry","category-comunicacio","category-general","category-politica","category-tv3"],"_links":{"self":[{"href":"https:\/\/www.cdlpv.org\/dtl\/wp-json\/wp\/v2\/posts\/126","targetHints":{"allow":["GET"]}}],"collection":[{"href":"https:\/\/www.cdlpv.org\/dtl\/wp-json\/wp\/v2\/posts"}],"about":[{"href":"https:\/\/www.cdlpv.org\/dtl\/wp-json\/wp\/v2\/types\/post"}],"author":[{"embeddable":true,"href":"https:\/\/www.cdlpv.org\/dtl\/wp-json\/wp\/v2\/users\/2"}],"replies":[{"embeddable":true,"href":"https:\/\/www.cdlpv.org\/dtl\/wp-json\/wp\/v2\/comments?post=126"}],"version-history":[{"count":0,"href":"https:\/\/www.cdlpv.org\/dtl\/wp-json\/wp\/v2\/posts\/126\/revisions"}],"wp:attachment":[{"href":"https:\/\/www.cdlpv.org\/dtl\/wp-json\/wp\/v2\/media?parent=126"}],"wp:term":[{"taxonomy":"category","embeddable":true,"href":"https:\/\/www.cdlpv.org\/dtl\/wp-json\/wp\/v2\/categories?post=126"},{"taxonomy":"post_tag","embeddable":true,"href":"https:\/\/www.cdlpv.org\/dtl\/wp-json\/wp\/v2\/tags?post=126"}],"curies":[{"name":"wp","href":"https:\/\/api.w.org\/{rel}","templated":true}]}}