{"id":1255,"date":"2009-09-18T13:24:16","date_gmt":"2009-09-18T12:24:16","guid":{"rendered":"http:\/\/www.cdlpv.org\/dtl\/?p=1255"},"modified":"2009-09-18T13:24:16","modified_gmt":"2009-09-18T12:24:16","slug":"apareix-el-web-de-lassociacio-taula-de-filologia-valenciana","status":"publish","type":"post","link":"https:\/\/www.cdlpv.org\/dtl\/2009\/09\/18\/apareix-el-web-de-lassociacio-taula-de-filologia-valenciana\/","title":{"rendered":"Apareix el web de l&#8217;associaci\u00f3 Taula de Filologia Valenciana"},"content":{"rendered":"<p>Ja podeu consultar el <a href=\"http:\/\/sites.google.com\/site\/tauladefilologiavalenciana\/\" target=\"_blank\">web<\/a> de l&#8217;associaci\u00f3 Taula de Filologia Valenciana <span class=\"versaleta\">(tfv)<\/span>. L&#8217;associaci\u00f3 que naix amb els objectius seg\u00fcents:<\/p>\n<blockquote>\n<ol>\n<li>Ajudar a superar la fractura social produ\u00efda per la interpretaci\u00f3 de la naturalesa del valenci\u00e0.\n<li>Contribuir a clarificar i precisar el valencianisme i arrelar-lo m\u00e9s a les necessitats socials, econ\u00f2miques i pol\u00edtiques de la societat valenciana.\n<li>Procurar articular el valenci\u00e0 en un projecte social centrat en la voluntat de dirigir el futur de la societat valenciana buscant dos objectius complementaris (l\u2019u intern i, l\u2019altre, extern): procurar que cada valenci\u00e0 tinga una vida m\u00e9s plena i m\u00e9s satisfact\u00f2ria, i intentar que el poble valenci\u00e0 visca coordinat amb els altres pobles d\u2019Espanya, d\u2019Europa i en general del m\u00f3n.\n<\/ol>\n<\/blockquote>\n<p>De moment, la Taula de Filologia Valenciana anuncia la jornada seg\u00fcent:<\/p>\n<blockquote><p>\n<strong>I Jornada sobre el val\u00e8nci\u00e0<\/strong><\/p>\n<p>Convocat\u00f2ria de la \u00abI Jornada sobre el valenci\u00e0. Pedagogia (llengua i literatura), normativa i \u00fas\u00bb, que es realitzar\u00e0 el dia 28 de novembre (dissabte) en la ciutat de Sueca, aix\u00ed com dels Premis Joaquim Garcia Girona per a docents de prim\u00e0ria i de secund\u00e0ria.\n<\/p><\/blockquote>\n","protected":false},"excerpt":{"rendered":"<p>Ja podeu consultar el web de l&#8217;associaci\u00f3 Taula de Filologia Valenciana (tfv). L&#8217;associaci\u00f3 que naix amb els objectius seg\u00fcents: Ajudar a superar la fractura social produ\u00efda per la interpretaci\u00f3 de la naturalesa del valenci\u00e0. Contribuir a clarificar i precisar el valencianisme i arrelar-lo m\u00e9s a les necessitats socials, econ\u00f2miques i pol\u00edtiques de la societat valenciana. [&hellip;]<\/p>\n","protected":false},"author":2,"featured_media":0,"comment_status":"open","ping_status":"open","sticky":false,"template":"","format":"standard","meta":{"footnotes":""},"categories":[10,1,27],"tags":[68,472],"class_list":["post-1255","post","type-post","status-publish","format-standard","hentry","category-formacio","category-general","category-sociolinguistica","tag-associacions","tag-tfv"],"_links":{"self":[{"href":"https:\/\/www.cdlpv.org\/dtl\/wp-json\/wp\/v2\/posts\/1255","targetHints":{"allow":["GET"]}}],"collection":[{"href":"https:\/\/www.cdlpv.org\/dtl\/wp-json\/wp\/v2\/posts"}],"about":[{"href":"https:\/\/www.cdlpv.org\/dtl\/wp-json\/wp\/v2\/types\/post"}],"author":[{"embeddable":true,"href":"https:\/\/www.cdlpv.org\/dtl\/wp-json\/wp\/v2\/users\/2"}],"replies":[{"embeddable":true,"href":"https:\/\/www.cdlpv.org\/dtl\/wp-json\/wp\/v2\/comments?post=1255"}],"version-history":[{"count":0,"href":"https:\/\/www.cdlpv.org\/dtl\/wp-json\/wp\/v2\/posts\/1255\/revisions"}],"wp:attachment":[{"href":"https:\/\/www.cdlpv.org\/dtl\/wp-json\/wp\/v2\/media?parent=1255"}],"wp:term":[{"taxonomy":"category","embeddable":true,"href":"https:\/\/www.cdlpv.org\/dtl\/wp-json\/wp\/v2\/categories?post=1255"},{"taxonomy":"post_tag","embeddable":true,"href":"https:\/\/www.cdlpv.org\/dtl\/wp-json\/wp\/v2\/tags?post=1255"}],"curies":[{"name":"wp","href":"https:\/\/api.w.org\/{rel}","templated":true}]}}