{"id":1252,"date":"2009-09-15T11:01:49","date_gmt":"2009-09-15T10:01:49","guid":{"rendered":"http:\/\/www.cdlpv.org\/dtl\/?p=1252"},"modified":"2009-09-15T11:01:49","modified_gmt":"2009-09-15T10:01:49","slug":"oerta-laboral-en-reus","status":"publish","type":"post","link":"https:\/\/www.cdlpv.org\/dtl\/2009\/09\/15\/oerta-laboral-en-reus\/","title":{"rendered":"Oferta laboral en Reus"},"content":{"rendered":"<p>Xavier Rull ens envia a trav\u00e9s d&#8217;Infoz\u00e8fir la informaci\u00f3 seg\u00fcent:<\/p>\n<blockquote><p>\nEs necessita llicenciat\/ada en filologia catalana per cobrir una pla\u00e7a de professor de catal\u00e0 en un centre de secund\u00e0ria a Reus.<\/p>\n<p>La substituci\u00f3 seria del novembre al febrer en jornada completa, i del mar\u00e7 al juny en un ter\u00e7 de la jornada.<\/p>\n<p>Qui hi estigui interessat\/ada ha d&#8217;enviar un curr\u00edculum a <a href=\"mailto:colpresentacioreus@xtec.cat\" target=\"_blank\">colpresentacioreus@xtec.cat<\/a> o trucar al 977343550 i demanar per l&#8217;Ant\u00f2nia.\n<\/p><\/blockquote>\n","protected":false},"excerpt":{"rendered":"<p>Xavier Rull ens envia a trav\u00e9s d&#8217;Infoz\u00e8fir la informaci\u00f3 seg\u00fcent: Es necessita llicenciat\/ada en filologia catalana per cobrir una pla\u00e7a de professor de catal\u00e0 en un centre de secund\u00e0ria a Reus. La substituci\u00f3 seria del novembre al febrer en jornada completa, i del mar\u00e7 al juny en un ter\u00e7 de la jornada. Qui hi estigui [&hellip;]<\/p>\n","protected":false},"author":2,"featured_media":0,"comment_status":"open","ping_status":"open","sticky":false,"template":"","format":"standard","meta":{"footnotes":""},"categories":[43,45,10,1,15],"tags":[334,416,432],"class_list":["post-1252","post","type-post","status-publish","format-standard","hentry","category-concursos","category-ensenyament","category-formacio","category-general","category-laboral","tag-ofertes","tag-reus","tag-secundaria"],"_links":{"self":[{"href":"https:\/\/www.cdlpv.org\/dtl\/wp-json\/wp\/v2\/posts\/1252","targetHints":{"allow":["GET"]}}],"collection":[{"href":"https:\/\/www.cdlpv.org\/dtl\/wp-json\/wp\/v2\/posts"}],"about":[{"href":"https:\/\/www.cdlpv.org\/dtl\/wp-json\/wp\/v2\/types\/post"}],"author":[{"embeddable":true,"href":"https:\/\/www.cdlpv.org\/dtl\/wp-json\/wp\/v2\/users\/2"}],"replies":[{"embeddable":true,"href":"https:\/\/www.cdlpv.org\/dtl\/wp-json\/wp\/v2\/comments?post=1252"}],"version-history":[{"count":0,"href":"https:\/\/www.cdlpv.org\/dtl\/wp-json\/wp\/v2\/posts\/1252\/revisions"}],"wp:attachment":[{"href":"https:\/\/www.cdlpv.org\/dtl\/wp-json\/wp\/v2\/media?parent=1252"}],"wp:term":[{"taxonomy":"category","embeddable":true,"href":"https:\/\/www.cdlpv.org\/dtl\/wp-json\/wp\/v2\/categories?post=1252"},{"taxonomy":"post_tag","embeddable":true,"href":"https:\/\/www.cdlpv.org\/dtl\/wp-json\/wp\/v2\/tags?post=1252"}],"curies":[{"name":"wp","href":"https:\/\/api.w.org\/{rel}","templated":true}]}}