{"id":1247,"date":"2009-09-15T10:59:00","date_gmt":"2009-09-15T09:59:00","guid":{"rendered":"http:\/\/www.cdlpv.org\/dtl\/?p=1247"},"modified":"2009-09-15T10:59:00","modified_gmt":"2009-09-15T09:59:00","slug":"taller-despai-linguistic-personal-a-torrent","status":"publish","type":"post","link":"https:\/\/www.cdlpv.org\/dtl\/2009\/09\/15\/taller-despai-linguistic-personal-a-torrent\/","title":{"rendered":"Taller d&#8217;espai ling\u00fc\u00edstic personal a Torrent"},"content":{"rendered":"<p>La Gavella, associaci\u00f3 torrentina per la llengua i la cultura, en col\u00b7laboraci\u00f3 amb l&#8217;Oficina de Promoci\u00f3 i \u00das del Valenci\u00e0 de Torrent, ha organitzat, amb l&#8217;objectiu de promoure l\u2019\u00fas social del valenci\u00e0, el Taller d&#8217;Espai Ling\u00fc\u00edstic Personal dirigit per Ferran Suay, professor de Psicologia de la Universitat de Val\u00e8ncia.<\/p>\n<p>Est\u00e0 adre\u00e7at a totes aquelles persones valencianoparlants que vulguen aprendre a afrontar efica\u00e7ment situacions ling\u00fc\u00edstiques que ara com ara resulten inc\u00f2modes. En resum, \u00e9s un taller d&#8217;estrat\u00e8gies de comunicaci\u00f3 davant eixos dubtes de parlar en valenci\u00e0 que de vegades tenim quan entrem en una botiga, en una depend\u00e8ncia administrativa o simplement ens adrecem a una persona desconeguda.<\/p>\n<p>No \u00e9s un taller per a aprendre valenci\u00e0, sin\u00f3 que el que pret\u00e9n \u00e9s donar recursos per tal que les persones que volen utilitzar-lo no canvien de llengua.<\/p>\n<p>El taller tindr\u00e0 lloc els dimarts 22 i 29 de setembre de 16.30 a 19 hores al CP Sant Pasqual.<\/p>\n<p><strong>Inscripcions:<\/strong> fins al  dia 18 de setembre, a l\u2019Oficina de Promoci\u00f3 i \u00das del Valenci\u00e0, 6a planta. C\/ Ram\u00f3n y Cajal, 1. Tel. 961 111 111, ext. 1069 i 1065. A\/e: <a href=\"mailto:usvalencia@torrent.es\">usvalencia@torrent.es<\/a><\/p>\n","protected":false},"excerpt":{"rendered":"<p>La Gavella, associaci\u00f3 torrentina per la llengua i la cultura, en col\u00b7laboraci\u00f3 amb l&#8217;Oficina de Promoci\u00f3 i \u00das del Valenci\u00e0 de Torrent, ha organitzat, amb l&#8217;objectiu de promoure l\u2019\u00fas social del valenci\u00e0, el Taller d&#8217;Espai Ling\u00fc\u00edstic Personal dirigit per Ferran Suay, professor de Psicologia de la Universitat de Val\u00e8ncia. Est\u00e0 adre\u00e7at a totes aquelles persones [&hellip;]<\/p>\n","protected":false},"author":7,"featured_media":0,"comment_status":"open","ping_status":"open","sticky":false,"template":"","format":"standard","meta":{"footnotes":""},"categories":[1],"tags":[],"class_list":["post-1247","post","type-post","status-publish","format-standard","hentry","category-general"],"_links":{"self":[{"href":"https:\/\/www.cdlpv.org\/dtl\/wp-json\/wp\/v2\/posts\/1247","targetHints":{"allow":["GET"]}}],"collection":[{"href":"https:\/\/www.cdlpv.org\/dtl\/wp-json\/wp\/v2\/posts"}],"about":[{"href":"https:\/\/www.cdlpv.org\/dtl\/wp-json\/wp\/v2\/types\/post"}],"author":[{"embeddable":true,"href":"https:\/\/www.cdlpv.org\/dtl\/wp-json\/wp\/v2\/users\/7"}],"replies":[{"embeddable":true,"href":"https:\/\/www.cdlpv.org\/dtl\/wp-json\/wp\/v2\/comments?post=1247"}],"version-history":[{"count":0,"href":"https:\/\/www.cdlpv.org\/dtl\/wp-json\/wp\/v2\/posts\/1247\/revisions"}],"wp:attachment":[{"href":"https:\/\/www.cdlpv.org\/dtl\/wp-json\/wp\/v2\/media?parent=1247"}],"wp:term":[{"taxonomy":"category","embeddable":true,"href":"https:\/\/www.cdlpv.org\/dtl\/wp-json\/wp\/v2\/categories?post=1247"},{"taxonomy":"post_tag","embeddable":true,"href":"https:\/\/www.cdlpv.org\/dtl\/wp-json\/wp\/v2\/tags?post=1247"}],"curies":[{"name":"wp","href":"https:\/\/api.w.org\/{rel}","templated":true}]}}