{"id":124,"date":"2007-07-07T11:47:41","date_gmt":"2007-07-07T10:47:41","guid":{"rendered":"http:\/\/www.cdlpv.org\/dtl\/?p=124"},"modified":"2007-07-07T11:47:41","modified_gmt":"2007-07-07T10:47:41","slug":"consell-estatal-de-llengues-oficials","status":"publish","type":"post","link":"https:\/\/www.cdlpv.org\/dtl\/2007\/07\/07\/consell-estatal-de-llengues-oficials\/","title":{"rendered":"Consell estatal de lleng\u00fces oficials"},"content":{"rendered":"<p>Segons informaci\u00f3 del <a href=\"http:\/\/www.la-moncloa.es\/ConsejodeMinistros\/Referencias\/_2007\/refc20070706.htm#LenguasOficiales\" target=\"_blank\">govern espanyol<\/a>, han creat un consell que es preocupar\u00e0 per les lleng\u00fces oficials de l&#8217;estat en l&#8217;administraci\u00f3 de l&#8217;estat. No queda clar que la cosa tinga a vore amb una ampliaci\u00f3 del que establix <a href=\"http:\/\/www.juridicas.com\/base_datos\/Admin\/l30-1992.t4.html#a36\" target=\"_blank\">l&#8217;article 36<\/a> de la Llei 30\/1992 o, m\u00e9s aviat, que simplement es tracte d&#8217;un intent de garantir el compliment del que ja s&#8217;establ\u00ed en la modificaci\u00f3 de 1999. Ja ho vorem.<\/p>\n<p>El text &mdash;a partir de la versi\u00f3 que n&#8217;ha fet l&#8217;Internostrum&mdash; \u00e9s el seg\u00fcent:<\/p>\n<blockquote>\n<h2>CREAT EL CONSELL DE LES LLENG\u00dcES OFICIALS<\/h2>\n<h5>* Es tracta de garantir l&#8217;\u00fas de les lleng\u00fces cooficials com a vehicle de relaci\u00f3 amb l&#8217;administraci\u00f3 general de l&#8217;estat.<\/h5>\n<p>El Consell de Ministres ha aprovat un reial decret pel qual es creen el Consell de les Lleng\u00fces Oficials en l&#8217;administraci\u00f3 general de l&#8217;estat, i l&#8217;Oficina per a les Lleng\u00fces Oficials.<\/p>\n<p>Es tracta d&#8217;una iniciativa governamental dirigida a assegurar que els ciutadans de les comunitats aut\u00f2nomes amb llengua oficial pr\u00f2pia puguen exercir de manera plena el seu dret a dirigir-se a l&#8217;administraci\u00f3 general de l&#8217;estat en aquesta llengua, en els termes que estableixen les lleis.<\/p>\n<p>El Consell est\u00e0 integrat per representants de tots els departaments ministerials, per\u00f2 al mateix temps es concep com un instrument obert a la participaci\u00f3 (a invitaci\u00f3) de les comunitats aut\u00f2nomes i d&#8217;experts, com representants de l&#8217;Institut Cervantes.<\/p>\n<p>Tindr\u00e0 la responsabilitat d&#8217;impulsar i coordinar l&#8217;actuaci\u00f3 de tots els ministeris i organismes de l&#8217;administraci\u00f3 general de l&#8217;estat en relaci\u00f3 amb la utilitzaci\u00f3 de les lleng\u00fces oficials de les comunitats aut\u00f2nomes, i de proposar plans d&#8217;actuaci\u00f3 al govern, a trav\u00e9s del Ministeri d&#8217;Administracions P\u00fabliques, que a m\u00e9s promour\u00e0 les f\u00f3rmules m\u00e9s apropiades de col\u00b7laboraci\u00f3 amb les comunitats aut\u00f2nomes.\n<\/p><\/blockquote>\n","protected":false},"excerpt":{"rendered":"<p>Segons informaci\u00f3 del govern espanyol, han creat un consell que es preocupar\u00e0 per les lleng\u00fces oficials de l&#8217;estat en l&#8217;administraci\u00f3 de l&#8217;estat. No queda clar que la cosa tinga a vore amb una ampliaci\u00f3 del que establix l&#8217;article 36 de la Llei 30\/1992 o, m\u00e9s aviat, que simplement es tracte d&#8217;un intent de garantir el [&hellip;]<\/p>\n","protected":false},"author":2,"featured_media":0,"comment_status":"open","ping_status":"open","sticky":false,"template":"","format":"standard","meta":{"footnotes":""},"categories":[4,1,19,24],"tags":[],"class_list":["post-124","post","type-post","status-publish","format-standard","hentry","category-dret","category-general","category-politica","category-requisit-linguistic"],"_links":{"self":[{"href":"https:\/\/www.cdlpv.org\/dtl\/wp-json\/wp\/v2\/posts\/124","targetHints":{"allow":["GET"]}}],"collection":[{"href":"https:\/\/www.cdlpv.org\/dtl\/wp-json\/wp\/v2\/posts"}],"about":[{"href":"https:\/\/www.cdlpv.org\/dtl\/wp-json\/wp\/v2\/types\/post"}],"author":[{"embeddable":true,"href":"https:\/\/www.cdlpv.org\/dtl\/wp-json\/wp\/v2\/users\/2"}],"replies":[{"embeddable":true,"href":"https:\/\/www.cdlpv.org\/dtl\/wp-json\/wp\/v2\/comments?post=124"}],"version-history":[{"count":0,"href":"https:\/\/www.cdlpv.org\/dtl\/wp-json\/wp\/v2\/posts\/124\/revisions"}],"wp:attachment":[{"href":"https:\/\/www.cdlpv.org\/dtl\/wp-json\/wp\/v2\/media?parent=124"}],"wp:term":[{"taxonomy":"category","embeddable":true,"href":"https:\/\/www.cdlpv.org\/dtl\/wp-json\/wp\/v2\/categories?post=124"},{"taxonomy":"post_tag","embeddable":true,"href":"https:\/\/www.cdlpv.org\/dtl\/wp-json\/wp\/v2\/tags?post=124"}],"curies":[{"name":"wp","href":"https:\/\/api.w.org\/{rel}","templated":true}]}}