{"id":1239,"date":"2009-09-04T12:27:59","date_gmt":"2009-09-04T11:27:59","guid":{"rendered":"http:\/\/www.cdlpv.org\/dtl\/?p=1239"},"modified":"2009-09-04T12:27:59","modified_gmt":"2009-09-04T11:27:59","slug":"gestio-linguistica-franquista-al-parlament-espanyol","status":"publish","type":"post","link":"https:\/\/www.cdlpv.org\/dtl\/2009\/09\/04\/gestio-linguistica-franquista-al-parlament-espanyol\/","title":{"rendered":"Gesti\u00f3 ling\u00fc\u00edstica franquista al parlament espanyol"},"content":{"rendered":"<p>En les Corts espanyoles no es trauen la pasta dels dits per a una decisi\u00f3 tan democr\u00e0tica i tan simple com \u00e9s la gesti\u00f3 de les diverses lleng\u00fces oficials que parlen els diputats i diputades. Segons el diari El Pa\u00eds <a href=\"http:\/\/www.elpais.com\/articulo\/espana\/Duro\/enfrentamiento\/Bono\/partidos\/nacionalistas\/Congreso\/elpepuesp\/20090901elpepunac_14\/Tes\" target=\"_blank\">(01.09.2009)<\/a>:<\/p>\n<blockquote>\n<h2>Dur enfrontament de Bono i els partits nacionalistes del congr\u00e9s<\/h2>\n<h3>El president de la cambra impedix l&#8217;\u00fas de les lleng\u00fces cooficials<\/h3>\n<p>Els partits nacionalistes representats en el congr\u00e9s han envestit este dimarts contra el president de les Corts, Jos\u00e9 Bono, per haver tancat el pas a l&#8217;\u00fas de les lleng\u00fces cooficials en la cambra, fins i tot de forma puntual.<\/p>\n[&#8230;]\n<\/p><\/blockquote>\n<p>Podem pensar que la q\u00fcesti\u00f3 no \u00e9s gens complicada de resoldre, at\u00e9s que la resta de parlaments de l&#8217;estat s\u00f3n capa\u00e7os de gestionar ling\u00fc\u00edsticament les seues cambres en m\u00e9s d&#8217;una llengua oficial. I exemples de parlaments democr\u00e0ticament multiling\u00fces en podem trobar arreu del m\u00f3n, fins a l&#8217;exemple paradigm\u00e0tic del parlament de la Uni\u00f3 Europea, on, simptom\u00e0ticament, el govern espanyol impedix que s&#8217;hi puga usar el catal\u00e0. Al parlament espanyol (i a Europa) no hi ha cap impossibilitat real, ni cap incapacitat, sin\u00f3 nom\u00e9s una continuaci\u00f3 de la gesti\u00f3 ling\u00fc\u00edstica de les corts franquistes, simple al\u00b7lof\u00f2bia.<\/p>\n","protected":false},"excerpt":{"rendered":"<p>En les Corts espanyoles no es trauen la pasta dels dits per a una decisi\u00f3 tan democr\u00e0tica i tan simple com \u00e9s la gesti\u00f3 de les diverses lleng\u00fces oficials que parlen els diputats i diputades. Segons el diari El Pa\u00eds (01.09.2009): Dur enfrontament de Bono i els partits nacionalistes del congr\u00e9s El president de la [&hellip;]<\/p>\n","protected":false},"author":2,"featured_media":0,"comment_status":"open","ping_status":"open","sticky":false,"template":"","format":"standard","meta":{"footnotes":""},"categories":[36,4,1,47,19],"tags":[150,191,216,295],"class_list":["post-1239","post","type-post","status-publish","format-standard","hentry","category-allofobia","category-dret","category-general","category-planificacio","category-politica","tag-diputats","tag-estatal","tag-franquisme","tag-madrid"],"_links":{"self":[{"href":"https:\/\/www.cdlpv.org\/dtl\/wp-json\/wp\/v2\/posts\/1239","targetHints":{"allow":["GET"]}}],"collection":[{"href":"https:\/\/www.cdlpv.org\/dtl\/wp-json\/wp\/v2\/posts"}],"about":[{"href":"https:\/\/www.cdlpv.org\/dtl\/wp-json\/wp\/v2\/types\/post"}],"author":[{"embeddable":true,"href":"https:\/\/www.cdlpv.org\/dtl\/wp-json\/wp\/v2\/users\/2"}],"replies":[{"embeddable":true,"href":"https:\/\/www.cdlpv.org\/dtl\/wp-json\/wp\/v2\/comments?post=1239"}],"version-history":[{"count":0,"href":"https:\/\/www.cdlpv.org\/dtl\/wp-json\/wp\/v2\/posts\/1239\/revisions"}],"wp:attachment":[{"href":"https:\/\/www.cdlpv.org\/dtl\/wp-json\/wp\/v2\/media?parent=1239"}],"wp:term":[{"taxonomy":"category","embeddable":true,"href":"https:\/\/www.cdlpv.org\/dtl\/wp-json\/wp\/v2\/categories?post=1239"},{"taxonomy":"post_tag","embeddable":true,"href":"https:\/\/www.cdlpv.org\/dtl\/wp-json\/wp\/v2\/tags?post=1239"}],"curies":[{"name":"wp","href":"https:\/\/api.w.org\/{rel}","templated":true}]}}