{"id":1235,"date":"2009-08-31T11:04:22","date_gmt":"2009-08-31T10:04:22","guid":{"rendered":"http:\/\/www.cdlpv.org\/dtl\/?p=1235"},"modified":"2009-08-31T11:04:22","modified_gmt":"2009-08-31T10:04:22","slug":"lassociacionisme-entre-els-tecnics-linguistics","status":"publish","type":"post","link":"https:\/\/www.cdlpv.org\/dtl\/2009\/08\/31\/lassociacionisme-entre-els-tecnics-linguistics\/","title":{"rendered":"L&#8217;associacionisme entre els t\u00e8cnics ling\u00fc\u00edstics"},"content":{"rendered":"<p>Per poc, encara estem en agost, per\u00f2 segur que molts t\u00e8cnics ling\u00fc\u00edstics valencians han pensat durant les vacances sobre la seua situaci\u00f3 professional o ho estan fent ara que ja han tornat i han comprovat que tot continua m\u00e9s o menys igual. En eixe sentit, tal com vam difondre parlant de la Coordinadora de Dinamitzaci\u00f3 Ling\u00fc\u00edstica del Pa\u00eds Valenci\u00e0 (veg. <span class=\"versaleta\"><em>dtl<\/em><\/span>, <a href=\"http:\/\/www.cdlpv.org\/dtl\/?p=1065\" target=\"_blank\">15.05.2009<\/a>), la via de l&#8217;associacionisme encara no ha complit els seus objectius i cal que els t\u00e8cnics i t\u00e8cniques utilitzen eixe instrument m\u00e9s sovint i amb m\u00e9s ambici\u00f3.<\/p>\n<p>Pel que fa a la via que alguns han comentat alguna vegada tal com podria ser la creaci\u00f3 d&#8217;un col\u00b7lege professional, possiblement tenint present la refer\u00e8ncia d&#8217;altres col\u00b7lectius molt m\u00e9s cohesionats associativament, podem llegir l&#8217;article \u00abAdi\u00f3s al poder del colegio profesional\u00bb de Bernat Garc\u00eda (<em>El Pa\u00eds,<\/em> <a href=\"http:\/\/www.elpais.com\/articulo\/sociedad\/Adios\/poder\/colegio\/profesional\/elpepisoc\/20090827elpepisoc_1\/Tes\" target=\"_blank\">27.08.2009<\/a>), que n&#8217;explica algunes coses, entre les quals:<\/p>\n<blockquote><p>\nRam\u00f3n Mullerat, antic president del Consell de Col\u00b7leges d&#8217;Advocats d&#8217;Europa, explica a t\u00edtol personal que els col\u00b7leges professionals van n\u00e0ixer fa segles amb dos missions. Ensinistrar el deixeble i defensar els interessos dels seus membres. \u00abEsta actitud ja no \u00e9s v\u00e0lida hui\u00bb, compte. L&#8217;actual soci de KPMG Advocats raona que l&#8217;\u00fanica justificaci\u00f3 perqu\u00e8 un col\u00b7lege es mantinga \u00e9s per inter\u00e9s p\u00fablic, \u00e9s a dir, per a garantir la qualitat dels serveis al consumidor.\n<\/p><\/blockquote>\n","protected":false},"excerpt":{"rendered":"<p>Per poc, encara estem en agost, per\u00f2 segur que molts t\u00e8cnics ling\u00fc\u00edstics valencians han pensat durant les vacances sobre la seua situaci\u00f3 professional o ho estan fent ara que ja han tornat i han comprovat que tot continua m\u00e9s o menys igual. En eixe sentit, tal com vam difondre parlant de la Coordinadora de Dinamitzaci\u00f3 [&hellip;]<\/p>\n","protected":false},"author":2,"featured_media":0,"comment_status":"open","ping_status":"open","sticky":false,"template":"","format":"standard","meta":{"footnotes":""},"categories":[3,4,1,15,19,26,31],"tags":[68,99],"class_list":["post-1235","post","type-post","status-publish","format-standard","hentry","category-documentacio","category-dret","category-general","category-laboral","category-politica","category-serveis-linguistics","category-tmpl","tag-associacions","tag-cdlpv"],"_links":{"self":[{"href":"https:\/\/www.cdlpv.org\/dtl\/wp-json\/wp\/v2\/posts\/1235","targetHints":{"allow":["GET"]}}],"collection":[{"href":"https:\/\/www.cdlpv.org\/dtl\/wp-json\/wp\/v2\/posts"}],"about":[{"href":"https:\/\/www.cdlpv.org\/dtl\/wp-json\/wp\/v2\/types\/post"}],"author":[{"embeddable":true,"href":"https:\/\/www.cdlpv.org\/dtl\/wp-json\/wp\/v2\/users\/2"}],"replies":[{"embeddable":true,"href":"https:\/\/www.cdlpv.org\/dtl\/wp-json\/wp\/v2\/comments?post=1235"}],"version-history":[{"count":0,"href":"https:\/\/www.cdlpv.org\/dtl\/wp-json\/wp\/v2\/posts\/1235\/revisions"}],"wp:attachment":[{"href":"https:\/\/www.cdlpv.org\/dtl\/wp-json\/wp\/v2\/media?parent=1235"}],"wp:term":[{"taxonomy":"category","embeddable":true,"href":"https:\/\/www.cdlpv.org\/dtl\/wp-json\/wp\/v2\/categories?post=1235"},{"taxonomy":"post_tag","embeddable":true,"href":"https:\/\/www.cdlpv.org\/dtl\/wp-json\/wp\/v2\/tags?post=1235"}],"curies":[{"name":"wp","href":"https:\/\/api.w.org\/{rel}","templated":true}]}}