{"id":1232,"date":"2009-08-30T20:14:49","date_gmt":"2009-08-30T19:14:49","guid":{"rendered":"http:\/\/www.cdlpv.org\/dtl\/?p=1232"},"modified":"2019-08-19T09:22:45","modified_gmt":"2019-08-19T08:22:45","slug":"el-sindic-de-greuges-renya-lajuntament-dalacant","status":"publish","type":"post","link":"https:\/\/www.cdlpv.org\/dtl\/2009\/08\/30\/el-sindic-de-greuges-renya-lajuntament-dalacant\/","title":{"rendered":"El s\u00edndic de greuges renya l&#8217;Ajuntament d&#8217;Alacant"},"content":{"rendered":"<p>Ens informa Rosa Biot en el diari <em>El Pa\u00eds<\/em> <a href=\"http:\/\/www.elpais.com\/articulo\/Comunidad\/Valenciana\/Sindic\/amonesta\/Castedo\/ignorar\/valenciano\/responder\/vecino\/elpepiespval\/20090827elpval_9\/Tes\" target=\"_blank\" rel=\"noopener noreferrer\">(27.08.2009)<\/a>:<\/p>\n<blockquote>\n<h2>El S\u00edndic amonesta Castedo per ignorar el valenci\u00e0 al respondre a un ve\u00ed<\/h2>\n[&#8230;]\n<p>La instituci\u00f3 que dirigeix Jos\u00e9 Cholbi recorda a l&#8217;Ajuntament d&#8217;Alacant la vig\u00e8ncia de la Llei d&#8217;\u00fas i ensenyament del valenci\u00e0, que perseguix recuperar l&#8217;\u00fas social de la llengua pr\u00f2pia dels valencians i que rebutja de pla que es produ\u00efxca una discriminaci\u00f3 pel fet d&#8217;usar alguna de les dos lleng\u00fces oficials de l&#8217;autonomia. I el s\u00edndic agrega que la citada normativa obliga a les administracions a respectar l&#8217;idioma que cada ciutad\u00e0 trie per a adre\u00e7ar-s&#8217;hi i utilitzar-la \u00abal llarg de tot el procediment, l&#8217;idioma que haguera estat triat\u00bb. \u00abLa remissi\u00f3 d&#8217;un informe en castell\u00e0, quan la llengua triada pel ciutad\u00e0 ha estat el valenci\u00e0, no s&#8217;ajusta a estos manaments legals exposats anteriorment\u00bb, emfatitza en la seua argumentaci\u00f3 la sindicatura.<\/p><\/blockquote>\n","protected":false},"excerpt":{"rendered":"<p>Ens informa Rosa Biot en el diari El Pa\u00eds (27.08.2009): El S\u00edndic amonesta Castedo per ignorar el valenci\u00e0 al respondre a un ve\u00ed [&#8230;] La instituci\u00f3 que dirigeix Jos\u00e9 Cholbi recorda a l&#8217;Ajuntament d&#8217;Alacant la vig\u00e8ncia de la Llei d&#8217;\u00fas i ensenyament del valenci\u00e0, que perseguix recuperar l&#8217;\u00fas social de la llengua pr\u00f2pia dels valencians [&hellip;]<\/p>\n","protected":false},"author":2,"featured_media":0,"comment_status":"open","ping_status":"open","sticky":false,"template":"","format":"standard","meta":{"footnotes":""},"categories":[36,4,1,47],"tags":[50,54,440],"class_list":["post-1232","post","type-post","status-publish","format-standard","hentry","category-allofobia","category-dret","category-general","category-planificacio","tag-administracio-local","tag-alacant","tag-sindic-de-greuges"],"_links":{"self":[{"href":"https:\/\/www.cdlpv.org\/dtl\/wp-json\/wp\/v2\/posts\/1232","targetHints":{"allow":["GET"]}}],"collection":[{"href":"https:\/\/www.cdlpv.org\/dtl\/wp-json\/wp\/v2\/posts"}],"about":[{"href":"https:\/\/www.cdlpv.org\/dtl\/wp-json\/wp\/v2\/types\/post"}],"author":[{"embeddable":true,"href":"https:\/\/www.cdlpv.org\/dtl\/wp-json\/wp\/v2\/users\/2"}],"replies":[{"embeddable":true,"href":"https:\/\/www.cdlpv.org\/dtl\/wp-json\/wp\/v2\/comments?post=1232"}],"version-history":[{"count":1,"href":"https:\/\/www.cdlpv.org\/dtl\/wp-json\/wp\/v2\/posts\/1232\/revisions"}],"predecessor-version":[{"id":3581,"href":"https:\/\/www.cdlpv.org\/dtl\/wp-json\/wp\/v2\/posts\/1232\/revisions\/3581"}],"wp:attachment":[{"href":"https:\/\/www.cdlpv.org\/dtl\/wp-json\/wp\/v2\/media?parent=1232"}],"wp:term":[{"taxonomy":"category","embeddable":true,"href":"https:\/\/www.cdlpv.org\/dtl\/wp-json\/wp\/v2\/categories?post=1232"},{"taxonomy":"post_tag","embeddable":true,"href":"https:\/\/www.cdlpv.org\/dtl\/wp-json\/wp\/v2\/tags?post=1232"}],"curies":[{"name":"wp","href":"https:\/\/api.w.org\/{rel}","templated":true}]}}