{"id":1224,"date":"2009-08-10T14:45:55","date_gmt":"2009-08-10T13:45:55","guid":{"rendered":"http:\/\/www.cdlpv.org\/dtl\/?p=1224"},"modified":"2009-08-10T14:45:55","modified_gmt":"2009-08-10T13:45:55","slug":"conveni-amb-la-industria-cinematografica-i-audiovisual-i-ajudes-al-teatre","status":"publish","type":"post","link":"https:\/\/www.cdlpv.org\/dtl\/2009\/08\/10\/conveni-amb-la-industria-cinematografica-i-audiovisual-i-ajudes-al-teatre\/","title":{"rendered":"Conveni amb la ind\u00fastria cinematogr\u00e0fica i audiovisual i ajudes al teatre"},"content":{"rendered":"<p>El <span class=\"versaleta\">cidaj<\/span> ens envia la informaci\u00f3 seg\u00fcent:<\/p>\n<blockquote>\n<ul>\n<li>Resoluci\u00f3 de 30 de juliol de 2009, del director general de Relacions amb les Corts i Secretariat del Consell, de la Conselleria de Presid\u00e8ncia, per la qual es disposa la publicaci\u00f3 del conveni de col\u00b7laboraci\u00f3 entre l&#8217;Institut de la Cinematografia i de les Arts Audiovisuals <span class=\"versaleta\">(icaa)<\/span> i l&#8217;Institut Valenci\u00e0 de l&#8217;Audiovisual Ricardo Mu\u00f1oz Suay <span class=\"versaleta\">(ivac)<\/span>, per a fomentar la producci\u00f3n, distribuci\u00f3 i promoci\u00f3 de la ind\u00fastria cinematogr\u00e0fica i audiovisual en llengua cooficial diferent del castell\u00e0. [2009\/9112] (<span class=\"versaleta\">docv<\/span> n\u00fam. 6.072, de 05.08.2009)<br \/>\n<a href=\"http:\/\/www.pre.gva.es\/L\/BASIS\/BDLGVPU\/WEB\/LEV_LISTADOS_TEXTO\/DDW?W%3DSIGNATURA_N=9061+AND+SIGNATURA_A=2009%26R%3DN\" target=\"_blank\">&#8211; vegeu text<\/a><\/p>\n<li>Resoluci\u00f3 de 21 de juliol de 2009, de la secret\u00e0ria auton\u00f2mica d&#8217;Educaci\u00f3, per la qual es concedixen ajudes econ\u00f2miques per a la promoci\u00f3 de l&#8217;\u00fas del valenci\u00e0 en les produccions teatrals a la Comunitat Valenciana. [2009\/8832] (<span class=\"versaleta\">docv<\/span> n\u00fam. 6.073, de 06.08.2009)<br \/>\n<a href=\"http:\/\/www.pre.gva.es\/L\/BASIS\/BDLGVPU\/WEB\/LEV_LISTADOS_TEXTO\/DDW?W%3DSIGNATURA_N=9126+AND+SIGNATURA_A=2009%26R%3DN\" target=\"_blank\">&#8211; vegeu text<\/a>\n<\/ul>\n<\/blockquote>\n","protected":false},"excerpt":{"rendered":"<p>El cidaj ens envia la informaci\u00f3 seg\u00fcent: Resoluci\u00f3 de 30 de juliol de 2009, del director general de Relacions amb les Corts i Secretariat del Consell, de la Conselleria de Presid\u00e8ncia, per la qual es disposa la publicaci\u00f3 del conveni de col\u00b7laboraci\u00f3 entre l&#8217;Institut de la Cinematografia i de les Arts Audiovisuals (icaa) i l&#8217;Institut [&hellip;]<\/p>\n","protected":false},"author":2,"featured_media":0,"comment_status":"open","ping_status":"open","sticky":false,"template":"","format":"standard","meta":{"footnotes":""},"categories":[42,1,28],"tags":[51,120,462],"class_list":["post-1224","post","type-post","status-publish","format-standard","hentry","category-cinema-comunicacio","category-general","category-subvencions","tag-ajudes","tag-convenis","tag-teatre"],"_links":{"self":[{"href":"https:\/\/www.cdlpv.org\/dtl\/wp-json\/wp\/v2\/posts\/1224","targetHints":{"allow":["GET"]}}],"collection":[{"href":"https:\/\/www.cdlpv.org\/dtl\/wp-json\/wp\/v2\/posts"}],"about":[{"href":"https:\/\/www.cdlpv.org\/dtl\/wp-json\/wp\/v2\/types\/post"}],"author":[{"embeddable":true,"href":"https:\/\/www.cdlpv.org\/dtl\/wp-json\/wp\/v2\/users\/2"}],"replies":[{"embeddable":true,"href":"https:\/\/www.cdlpv.org\/dtl\/wp-json\/wp\/v2\/comments?post=1224"}],"version-history":[{"count":0,"href":"https:\/\/www.cdlpv.org\/dtl\/wp-json\/wp\/v2\/posts\/1224\/revisions"}],"wp:attachment":[{"href":"https:\/\/www.cdlpv.org\/dtl\/wp-json\/wp\/v2\/media?parent=1224"}],"wp:term":[{"taxonomy":"category","embeddable":true,"href":"https:\/\/www.cdlpv.org\/dtl\/wp-json\/wp\/v2\/categories?post=1224"},{"taxonomy":"post_tag","embeddable":true,"href":"https:\/\/www.cdlpv.org\/dtl\/wp-json\/wp\/v2\/tags?post=1224"}],"curies":[{"name":"wp","href":"https:\/\/api.w.org\/{rel}","templated":true}]}}