{"id":122,"date":"2007-07-04T18:59:18","date_gmt":"2007-07-04T17:59:18","guid":{"rendered":"http:\/\/www.cdlpv.org\/dtl\/?p=122"},"modified":"2007-07-04T18:59:18","modified_gmt":"2007-07-04T17:59:18","slug":"el-repetidor-de-tv3-del-bartolo","status":"publish","type":"post","link":"https:\/\/www.cdlpv.org\/dtl\/2007\/07\/04\/el-repetidor-de-tv3-del-bartolo\/","title":{"rendered":"El repetidor de TV3 del Bartolo"},"content":{"rendered":"<p>El fet que el Pa\u00eds Valenci\u00e0 continue rebent la reemissi\u00f3 de la <span class=\"versaleta\">tv3<\/span> &mdash;que facilita <span class=\"versaleta\">acpv<\/span> sense \u00e0nim de guany&mdash;, emissora p\u00fablica a trav\u00e9s de la qual s&#8217;informen i es formen totes les persones que volen accedir a la informaci\u00f3 en la seua llengua o a una visi\u00f3 alternativa sobre el seu pa\u00eds o sobre el m\u00f3n, continua pendent de la dec\u00e8ncia democr\u00e0tica del govern popular valenci\u00e0 o de la gesti\u00f3 del Ministeri d&#8217;Ind\u00fastria espanyol de les seues compet\u00e8ncies i de la garantia de la llibertat d&#8217;informaci\u00f3 i d&#8217;expressi\u00f3 i dels drets ling\u00fc\u00edstics dels ciutadans valencians.<\/p>\n<p>Segons informa Vilaweb (<a href=\"http:\/\/www.vilaweb.cat\/www\/noticia?p_idcmp=2464898&#038;p_edi=General\" target=\"_blank\">dt. 03.07.2007<\/a>):<\/p>\n<blockquote>\n<h5>DIMARTS, 03.07.2007<\/h5>\n<h2>Acci\u00f3 Cultural anuncia mobilitzacions per a evitar el tancament de <span class=\"versaleta\">tv3<\/span> a Castell\u00f3<\/h2>\n<h3>Una jutgessa ha autoritzat el govern valenci\u00e0 a entrar al repetidor<\/h3>\n<p>Acci\u00f3 Cultural del Pa\u00eds Valenci\u00e0 es concentrar\u00e0 al repetidor del cim del Bartolo, que fa arribar les emissions de <span class=\"versaleta\">tv3<\/span> a Castell\u00f3, si el govern valenci\u00e0 procedeix a tancar-lo. El jutjat de contenci\u00f3s administratiu de Castell\u00f3 ha autoritzat la Generalitat a entrar als terrenys d&#8217;Acci\u00f3 Cultural. La interlocut\u00f2ria judicial data del 28 de juny i d\u00f3na un mes per a fer el tancament. Mentrestant, els governs valenci\u00e0 i catal\u00e0 negocien un acord de reciprocitat.<\/p>\n<p>A m\u00e9s, el Ministeri d&#8217;Ind\u00fastria espanyol ja ha acceptat d&#8217;atorgar un nou m\u00faltiplex al govern de Camps.<\/p>\n<p>Ara, el govern valenci\u00e0 sempre ha dit que una cosa eren les negociacions sobre un acord de reciprocitat i una altra l&#8217;expedient sancionador i la multa de 300.000 euros a Acci\u00f3 Cultural, entitat propiet\u00e0ria dels repetidors.<\/p>\n<p>Per evitar el tancament Acci\u00f3 Cultural t\u00e9 previst de concentrar-se al lloc del repetidor tal com va fer a la Carrasqueta, el 27 d&#8217;abril. En aquella ocasi\u00f3, la mobilitzaci\u00f3 ciutadana va impedir que el funcionari de la Generalitat entr\u00e9s a les instal\u00b7lacions.<\/p>\n<p>El cas dels repetidors<\/p>\n<p>Si el jutjat de Val\u00e8ncia va denegar a la Generalitat l&#8217;ordre de tancament del repetidor de Mond\u00faver, argumentant que <span class=\"versaleta\">tv3<\/span> no danyava l&#8217;inter\u00e8s p\u00fablic, un jutjat d&#8217;Alacant va autoritzar el tancament del repetidor de la Carrasqueta i ara un de Castell\u00f3 permet el del cim del Bartolo.\n<\/p><\/blockquote>\n","protected":false},"excerpt":{"rendered":"<p>El fet que el Pa\u00eds Valenci\u00e0 continue rebent la reemissi\u00f3 de la tv3 &mdash;que facilita acpv sense \u00e0nim de guany&mdash;, emissora p\u00fablica a trav\u00e9s de la qual s&#8217;informen i es formen totes les persones que volen accedir a la informaci\u00f3 en la seua llengua o a una visi\u00f3 alternativa sobre el seu pa\u00eds o sobre [&hellip;]<\/p>\n","protected":false},"author":2,"featured_media":0,"comment_status":"open","ping_status":"open","sticky":false,"template":"","format":"standard","meta":{"footnotes":""},"categories":[2,1,19,34],"tags":[],"class_list":["post-122","post","type-post","status-publish","format-standard","hentry","category-comunicacio","category-general","category-politica","category-tv3"],"_links":{"self":[{"href":"https:\/\/www.cdlpv.org\/dtl\/wp-json\/wp\/v2\/posts\/122","targetHints":{"allow":["GET"]}}],"collection":[{"href":"https:\/\/www.cdlpv.org\/dtl\/wp-json\/wp\/v2\/posts"}],"about":[{"href":"https:\/\/www.cdlpv.org\/dtl\/wp-json\/wp\/v2\/types\/post"}],"author":[{"embeddable":true,"href":"https:\/\/www.cdlpv.org\/dtl\/wp-json\/wp\/v2\/users\/2"}],"replies":[{"embeddable":true,"href":"https:\/\/www.cdlpv.org\/dtl\/wp-json\/wp\/v2\/comments?post=122"}],"version-history":[{"count":0,"href":"https:\/\/www.cdlpv.org\/dtl\/wp-json\/wp\/v2\/posts\/122\/revisions"}],"wp:attachment":[{"href":"https:\/\/www.cdlpv.org\/dtl\/wp-json\/wp\/v2\/media?parent=122"}],"wp:term":[{"taxonomy":"category","embeddable":true,"href":"https:\/\/www.cdlpv.org\/dtl\/wp-json\/wp\/v2\/categories?post=122"},{"taxonomy":"post_tag","embeddable":true,"href":"https:\/\/www.cdlpv.org\/dtl\/wp-json\/wp\/v2\/tags?post=122"}],"curies":[{"name":"wp","href":"https:\/\/api.w.org\/{rel}","templated":true}]}}