{"id":1218,"date":"2009-08-03T18:35:33","date_gmt":"2009-08-03T17:35:33","guid":{"rendered":"http:\/\/www.cdlpv.org\/dtl\/?p=1218"},"modified":"2009-08-03T18:35:33","modified_gmt":"2009-08-03T17:35:33","slug":"ladministracio-de-lestat-les-eoi-i-jqcv-superior-administratiu-i-correccio","status":"publish","type":"post","link":"https:\/\/www.cdlpv.org\/dtl\/2009\/08\/03\/ladministracio-de-lestat-les-eoi-i-jqcv-superior-administratiu-i-correccio\/","title":{"rendered":"L&#8217;administraci\u00f3 de l&#8217;estat, les EOI i JQCV: superior, administratiu i correcci\u00f3"},"content":{"rendered":"<p>El <span class=\"versaleta\">cidaj<\/span> ens envia la informaci\u00f3 seg\u00fcent:<\/p>\n<ul>\n<li>Resoluci\u00f3 de 24 de juliol de 2009, del director general de Relacions amb les Corts i Secretariat del Consell, de la Conselleria de Presid\u00e8ncia, per la qual es disposa la publicaci\u00f3 del conveni de col\u00b7laboraci\u00f3 entre la Generalitat i l&#8217;Institut Nacional d&#8217;Administraci\u00f3 P\u00fablica per a la promoci\u00f3 del coneixement del valenci\u00e0 entre els funcionaris de l&#8217;Administraci\u00f3 General de l&#8217;Estat a la Comunitat Valenciana durant l&#8217;any 2009. [2009\/8804] (<span class=\"versaleta\">docv<\/span> n\u00fam. 6.068, de 30.07.2009)<br \/>\n<a href=\"http:\/\/www.pre.gva.es\/L\/BASIS\/BDLGVPU\/WEB\/LEV_LISTADOS_TEXTO\/DDW?W%3DSIGNATURA_N=8841+AND+SIGNATURA_A=2009%26R%3DN\" target=\"_blank\">&#8211; vegeu text<\/a><\/p>\n<li>Orde de 14 de juliol de 2009, de la Conselleria d&#8217;Educaci\u00f3, per la qual es regula l&#8217;organitzaci\u00f3 i el funcionament de les escoles oficials d&#8217;idiomes de la Comunitat Valenciana a partir del curs acad\u00e8mic 2009-2010. [2009\/8953] (<span class=\"versaleta\">docv<\/span> n\u00fam. 6.069, de 31.07.2009)<br \/>\n<a href=\"http:\/\/www.pre.gva.es\/L\/BASIS\/BDLGVPU\/WEB\/LEV_LISTADOS_TEXTO\/DDW?W%3DSIGNATURA_N=8882+AND+SIGNATURA_A=2009%26R%3DN\" target=\"_blank\">&#8211; vegeu text<\/a><\/p>\n<li>Resoluci\u00f3 de 13 de juliol de 2009, de la presidenta de la Junta Qualificadora de Coneixements de Valenci\u00e0, per la qual es fan p\u00fabliques les llistes de resultats provisionals de la prova de grau superior de coneixements de valenci\u00e0 i de capacitaci\u00f3 t\u00e8cnica: llenguatge administratiu i correcci\u00f3 de textos. [2009\/8460] (<span class=\"versaleta\">docv<\/span> n\u00fam. 6.069, de 31.07.2009)<br \/>\n<a href=\"http:\/\/www.pre.gva.es\/L\/BASIS\/BDLGVPU\/WEB\/LEV_LISTADOS_TEXTO\/DDW?W%3DSIGNATURA_N=8901+AND+SIGNATURA_A=2009%26R%3DN\" target=\"_blank\">&#8211; vegeu text<\/a>\n<\/ul>\n","protected":false},"excerpt":{"rendered":"<p>El cidaj ens envia la informaci\u00f3 seg\u00fcent: Resoluci\u00f3 de 24 de juliol de 2009, del director general de Relacions amb les Corts i Secretariat del Consell, de la Conselleria de Presid\u00e8ncia, per la qual es disposa la publicaci\u00f3 del conveni de col\u00b7laboraci\u00f3 entre la Generalitat i l&#8217;Institut Nacional d&#8217;Administraci\u00f3 P\u00fablica per a la promoci\u00f3 del [&hellip;]<\/p>\n","protected":false},"author":2,"featured_media":0,"comment_status":"open","ping_status":"open","sticky":false,"template":"","format":"standard","meta":{"footnotes":""},"categories":[10,1,13,24],"tags":[101,181,191],"class_list":["post-1218","post","type-post","status-publish","format-standard","hentry","category-formacio","category-general","category-jqcv","category-requisit-linguistic","tag-certificats","tag-eoi","tag-estatal"],"_links":{"self":[{"href":"https:\/\/www.cdlpv.org\/dtl\/wp-json\/wp\/v2\/posts\/1218","targetHints":{"allow":["GET"]}}],"collection":[{"href":"https:\/\/www.cdlpv.org\/dtl\/wp-json\/wp\/v2\/posts"}],"about":[{"href":"https:\/\/www.cdlpv.org\/dtl\/wp-json\/wp\/v2\/types\/post"}],"author":[{"embeddable":true,"href":"https:\/\/www.cdlpv.org\/dtl\/wp-json\/wp\/v2\/users\/2"}],"replies":[{"embeddable":true,"href":"https:\/\/www.cdlpv.org\/dtl\/wp-json\/wp\/v2\/comments?post=1218"}],"version-history":[{"count":0,"href":"https:\/\/www.cdlpv.org\/dtl\/wp-json\/wp\/v2\/posts\/1218\/revisions"}],"wp:attachment":[{"href":"https:\/\/www.cdlpv.org\/dtl\/wp-json\/wp\/v2\/media?parent=1218"}],"wp:term":[{"taxonomy":"category","embeddable":true,"href":"https:\/\/www.cdlpv.org\/dtl\/wp-json\/wp\/v2\/categories?post=1218"},{"taxonomy":"post_tag","embeddable":true,"href":"https:\/\/www.cdlpv.org\/dtl\/wp-json\/wp\/v2\/tags?post=1218"}],"curies":[{"name":"wp","href":"https:\/\/api.w.org\/{rel}","templated":true}]}}