{"id":1213,"date":"2009-07-28T21:23:45","date_gmt":"2009-07-28T20:23:45","guid":{"rendered":"http:\/\/www.cdlpv.org\/dtl\/?p=1213"},"modified":"2009-07-28T21:23:45","modified_gmt":"2009-07-28T20:23:45","slug":"supressio-de-loficina-de-gestio-linguistica-dalboraia","status":"publish","type":"post","link":"https:\/\/www.cdlpv.org\/dtl\/2009\/07\/28\/supressio-de-loficina-de-gestio-linguistica-dalboraia\/","title":{"rendered":"Supressi\u00f3 de l&#8217;oficina de gesti\u00f3 ling\u00fc\u00edstica d&#8217;Alboraia"},"content":{"rendered":"<p>Tal com vam comentar (<a href=\"http:\/\/www.cdlpv.org\/dtl\/?p=1148\"><span class=\"versaleta\">dtl<\/span><\/a>, 03.07.2009), l&#8217;Ajuntament d&#8217;Alboraia ha dut avant la modificaci\u00f3 de la seua plantilla de personal (veg. <a href=\"https:\/\/bop.dival.es\/bop\/drvisapi.dll?MIval=DI_VerEdictoVis&#038;idEdicto=1497219&#038;miIdioma=V\"><em><span class=\"versaleta\">bopv<\/span><\/em><\/a> 171, 21.07.2009), modificaci\u00f3 que eliminava diversos llocs de treball i que suprimia l&#8217;oficina de gesti\u00f3 ling\u00fc\u00edstica de l&#8217;ajuntament. L&#8217;alcalde no ha tingut en compte l&#8217;escrit d&#8217;al\u00b7legacions que els va fer la <span class=\"versaleta\">cdlpv<\/span> i que reprodu\u00efm a continuaci\u00f3:<\/p>\n<blockquote><p>\nLa Coordinadora de Dinamitzaci\u00f3 Ling\u00fc\u00edstica del Pa\u00eds Valenci\u00e0 <span class=\"versaleta\">(cdlpv)<\/span> ha sabut que l&#8217;Ajuntament d&#8217;Alboraia ha previst l&#8217;amortitzaci\u00f3 del lloc de treball de la seua plantilla \u00ab70-128 T\u00e9cnico promoci\u00f3n valenciano <span class=\"versaleta\">funcionario<\/span> Amortizar \/ Suprimir Puesto\u00bb (\u00abAnuncio del Ayuntamiento de Alboraya sobre publicaci\u00f3n inicial del Plan de Empleo, modificaci\u00f3n de la Relaci\u00f3n de Puestos de Trabajo y Plantilla\u00bb, <span class=\"versaleta\"><em>bopv<\/em><\/span> 113, 14.05.2009).<\/p>\n<p>Eixe lloc de treball \u00e9s l&#8217;\u00fanic de qu\u00e8 estava dotada l&#8217;\u00abOficina per a la promoci\u00f3 de l\u2019\u00fas del valenci\u00e0\u00bb, oficina que dep\u00e9n de la Regidoria de Cultura i Festes (veg. <a href=\"http:\/\/www.alboraya.org\/basesAyto\/home.nsf\/VW001\/CulturaValencia?opendocument&#038;lg=vl\" target=\"_blank\">http:\/\/www.alboraya.org\/basesAyto\/home.nsf\/VW001\/CulturaValencia?opendocument&#038;lg=vl<\/a>).<\/p>\n<p>Si la creaci\u00f3 i el funcionament d&#8217;eixe servei eren una iniciativa positiva en el sentit de resoldre un dels aspectes fonamentals en la relaci\u00f3 de les administracions p\u00fabliques amb els ciutadans, la possibilitat que siga suprimit eixe servei adre\u00e7at tant als ciutadans com a la millora de la gesti\u00f3 ling\u00fc\u00edstica de la mateixa administraci\u00f3, ens sembla contradict\u00f2ria amb els principis que guien la legislaci\u00f3 ling\u00fc\u00edstica valenciana.<\/p>\n<p>L&#8217;Ajuntament d&#8217;Alboraia t\u00e9 un reglament municipal per a la promoci\u00f3 de l&#8217;\u00fas del valenci\u00e0 (<span class=\"versaleta\"><em>bopv<\/em><\/span> 156, 03.07.2002), reglament que va donar lloc a l&#8217;oficina \u00abper tal de canalitzar la correcta aplicaci\u00f3 d\u2019aquest reglament\u00bb, segons indicava en l&#8217;article 3, tasca que s&#8217;ha de mantindre, atesos els objectius que es marcaven en el reglament, que reprodu\u00efm a continuaci\u00f3:<\/p>\n<p>\u00aba) Fer efectiu el dret de tots els ciutadans i ciutadanes a con\u00e9ixer i usar el valenci\u00e0.<br \/>\n\u00bbb) Promoure la recuperaci\u00f3 del valenci\u00e0 i fomentar-ne l\u2019\u00fas en tots els \u00e0mbits de la vida ciutadana.<br \/>\n\u00bbc) Fer efectiu l&#8217;\u00fas oficial del valenci\u00e0, com a llengua pr\u00f2pia de l&#8217;Administraci\u00f3 local i el municipi d&#8217;Alboraya.<br \/>\n\u00bbd) Reglamentar l&#8217;\u00fas del valenci\u00e0 en l&#8217;\u00e0mbit de l&#8217;Administraci\u00f3 Local de l&#8217;Ajuntament d&#8217;Alboraya, com a llengua pr\u00f2pia i priorit\u00e0ria.<br \/>\n\u00bbe) Estimular la presa de consci\u00e8ncia col\u00b7lectiva quant a la potenciaci\u00f3 \u00e8tica del valenci\u00e0 en tots els \u00e0mbits socials i nivells d&#8217;intervenci\u00f3 dels ciutadans i ciutadanes.\u00bb<\/p>\n<p>Eixos objectius justificaven la creaci\u00f3 de l&#8217;oficina, i s\u00f3n objectius \u2014junt amb la resta del que regula el reglament\u2014 que no es poden acomplir sense la participaci\u00f3 dels t\u00e8cnics ling\u00fc\u00edstics capacitats per a dur a terme de manera efica\u00e7 i professional la tasca t\u00e8cnica que permet que les institucions p\u00fabliques tinguen una gesti\u00f3 ling\u00fc\u00edstica correcta, una gesti\u00f3 responsable del compliment dels seus deures i del drets ling\u00fc\u00edstics dels ciutadans que at\u00e9n cada administraci\u00f3.<\/p>\n<p>Eixa activitat \u00e9s m\u00e9s important encara en el cas dels ajuntaments, a causa de la proximitat de la instituci\u00f3 als ciutadans. Per aix\u00f2 mateix, la Direcci\u00f3 General de Funci\u00f3 P\u00fablica determin\u00e0 en 1999 que les funcions ling\u00fc\u00edstiques dels ajuntaments tenen, citem literalment, \u00absuport legal m\u00e9s que suficient per a considerar-les obligat\u00f2ries i que requereixen, per a dur-les a terme, un lloc de treball del grup B\u00bb, indicaci\u00f3 que l&#8217;Ajuntament d&#8217;Alboraia hauria de tindre en compte encara hui en dia, ja que les dades socioling\u00fc\u00edstiques (<span class=\"versaleta\">avl<\/span>, 2004; Generalitat, 2005) continuen mostrant la necessitat d&#8217;eixa gesti\u00f3 ling\u00fc\u00edstica tant en l&#8217;\u00e0mbit social com en l&#8217;\u00e0mbit administratiu.<\/p>\n<p>El cas \u00e9s que, gr\u00e0cies a la faena duta a terme fins ara per l&#8217;Oficina per a la Promoci\u00f3 de l&#8217;\u00das del Valenci\u00e0, l&#8217;Ajuntament d&#8217;Alboraia ha avan\u00e7at en la seua gesti\u00f3 ling\u00fc\u00edstica, per\u00f2 ni ha eliminat ni pot eliminar la necessitat i l&#8217;obligaci\u00f3 que t\u00e9 de continuar eixa gesti\u00f3, ja que \u00e9s un deure permanent que t\u00e9 envers els drets dels seus treballadors i de la ciutadania d&#8217;Alboraia.<\/p>\n<p>Per tot aix\u00f2, demanem que l&#8217;alcalde president d&#8217;Alboraia mantinga l&#8217;oficina de gesti\u00f3 ling\u00fc\u00edstica, que la dote de mitjans materials i que consolide definitivament els llocs de treball que han de dur avant les funcions atribu\u00efdes a eixe servei municipal.<\/p>\n<p>Val\u00e8ncia, 18 de juny del 2009\n<\/p><\/blockquote>\n<p>La supressi\u00f3 de l&#8217;oficina que ha decidit l&#8217;actual alcalde del Partit Popular es podria entendre en el sentit que l&#8217;equip de govern pret\u00e9n deixar de complir els seus deures ling\u00fc\u00edstics. Per\u00f2, per contra, fins i tot es podria entendre com una pretensi\u00f3 de traslladar l&#8217;exig\u00e8ncia del compliment dels deures ling\u00fc\u00edstics a tot el personal de la instituci\u00f3 municipal. Tanmateix, esta segona possibilitat no s&#8217;acomplix, ja que la instituci\u00f3 no ha fixat els perfils ling\u00fc\u00edstics dels seus llocs de treball.<\/p>\n<p>En qualsevol cas, la legislaci\u00f3 ling\u00fc\u00edstica vigent continua exigint que l&#8217;administraci\u00f3 es dote dels mitjans necessaris per a complir-la, i la supressi\u00f3 de l&#8217;oficina ha anat en el sentit contrari. La <span class=\"versaleta\">cdlpv<\/span> continuar\u00e0 exigint que l&#8217;Ajuntament d&#8217;Alboraia i la resta d&#8217;administracions p\u00fabliques valencianes complixquen els seus deures.<\/p>\n","protected":false},"excerpt":{"rendered":"<p>Tal com vam comentar (dtl, 03.07.2009), l&#8217;Ajuntament d&#8217;Alboraia ha dut avant la modificaci\u00f3 de la seua plantilla de personal (veg. bopv 171, 21.07.2009), modificaci\u00f3 que eliminava diversos llocs de treball i que suprimia l&#8217;oficina de gesti\u00f3 ling\u00fc\u00edstica de l&#8217;ajuntament. L&#8217;alcalde no ha tingut en compte l&#8217;escrit d&#8217;al\u00b7legacions que els va fer la cdlpv i que [&hellip;]<\/p>\n","protected":false},"author":2,"featured_media":0,"comment_status":"open","ping_status":"open","sticky":false,"template":"","format":"standard","meta":{"footnotes":""},"categories":[4,1,15,23,24],"tags":[50,55],"class_list":["post-1213","post","type-post","status-publish","format-standard","hentry","category-dret","category-general","category-laboral","category-reglaments-linguistics","category-requisit-linguistic","tag-administracio-local","tag-alboraia"],"_links":{"self":[{"href":"https:\/\/www.cdlpv.org\/dtl\/wp-json\/wp\/v2\/posts\/1213","targetHints":{"allow":["GET"]}}],"collection":[{"href":"https:\/\/www.cdlpv.org\/dtl\/wp-json\/wp\/v2\/posts"}],"about":[{"href":"https:\/\/www.cdlpv.org\/dtl\/wp-json\/wp\/v2\/types\/post"}],"author":[{"embeddable":true,"href":"https:\/\/www.cdlpv.org\/dtl\/wp-json\/wp\/v2\/users\/2"}],"replies":[{"embeddable":true,"href":"https:\/\/www.cdlpv.org\/dtl\/wp-json\/wp\/v2\/comments?post=1213"}],"version-history":[{"count":0,"href":"https:\/\/www.cdlpv.org\/dtl\/wp-json\/wp\/v2\/posts\/1213\/revisions"}],"wp:attachment":[{"href":"https:\/\/www.cdlpv.org\/dtl\/wp-json\/wp\/v2\/media?parent=1213"}],"wp:term":[{"taxonomy":"category","embeddable":true,"href":"https:\/\/www.cdlpv.org\/dtl\/wp-json\/wp\/v2\/categories?post=1213"},{"taxonomy":"post_tag","embeddable":true,"href":"https:\/\/www.cdlpv.org\/dtl\/wp-json\/wp\/v2\/tags?post=1213"}],"curies":[{"name":"wp","href":"https:\/\/api.w.org\/{rel}","templated":true}]}}