{"id":1211,"date":"2009-07-23T10:58:11","date_gmt":"2009-07-23T09:58:11","guid":{"rendered":"http:\/\/www.cdlpv.org\/dtl\/?p=1211"},"modified":"2009-07-23T10:58:11","modified_gmt":"2009-07-23T09:58:11","slug":"oferta-laboral-en-andorra","status":"publish","type":"post","link":"https:\/\/www.cdlpv.org\/dtl\/2009\/07\/23\/oferta-laboral-en-andorra\/","title":{"rendered":"Oferta laboral en Andorra"},"content":{"rendered":"<p>Xavier Rull ens envia a trav\u00e9s d&#8217;Infoz\u00e8fir la informaci\u00f3 seg\u00fcent:<\/p>\n<blockquote><p>\nEl Servei de Pol\u00edtica Ling\u00fc\u00edstica del Govern d\u2019Andorra necessita cobrir una pla\u00e7a de t\u00e8cnic ling\u00fc\u00edstic eventual. La feina \u00e9s per a un any, renovable un any m\u00e9s, amb incorporaci\u00f3 immediata.<\/p>\n<p>Tasques: correcci\u00f3, assessorament ling\u00fc\u00edstic i dinamitzaci\u00f3.<\/p>\n<p>Cal enviar el curr\u00edculum a: <a href=\"mailto:splcultura.gov@andorra.ad\" target=\"_blank\">splcultura.gov@andorra.ad<\/a>\n<\/p><\/blockquote>\n","protected":false},"excerpt":{"rendered":"<p>Xavier Rull ens envia a trav\u00e9s d&#8217;Infoz\u00e8fir la informaci\u00f3 seg\u00fcent: El Servei de Pol\u00edtica Ling\u00fc\u00edstica del Govern d\u2019Andorra necessita cobrir una pla\u00e7a de t\u00e8cnic ling\u00fc\u00edstic eventual. La feina \u00e9s per a un any, renovable un any m\u00e9s, amb incorporaci\u00f3 immediata. Tasques: correcci\u00f3, assessorament ling\u00fc\u00edstic i dinamitzaci\u00f3. Cal enviar el curr\u00edculum a: splcultura.gov@andorra.ad<\/p>\n","protected":false},"author":2,"featured_media":0,"comment_status":"open","ping_status":"open","sticky":false,"template":"","format":"standard","meta":{"footnotes":""},"categories":[43,15],"tags":[59,334],"class_list":["post-1211","post","type-post","status-publish","format-standard","hentry","category-concursos","category-laboral","tag-andorra","tag-ofertes"],"_links":{"self":[{"href":"https:\/\/www.cdlpv.org\/dtl\/wp-json\/wp\/v2\/posts\/1211","targetHints":{"allow":["GET"]}}],"collection":[{"href":"https:\/\/www.cdlpv.org\/dtl\/wp-json\/wp\/v2\/posts"}],"about":[{"href":"https:\/\/www.cdlpv.org\/dtl\/wp-json\/wp\/v2\/types\/post"}],"author":[{"embeddable":true,"href":"https:\/\/www.cdlpv.org\/dtl\/wp-json\/wp\/v2\/users\/2"}],"replies":[{"embeddable":true,"href":"https:\/\/www.cdlpv.org\/dtl\/wp-json\/wp\/v2\/comments?post=1211"}],"version-history":[{"count":0,"href":"https:\/\/www.cdlpv.org\/dtl\/wp-json\/wp\/v2\/posts\/1211\/revisions"}],"wp:attachment":[{"href":"https:\/\/www.cdlpv.org\/dtl\/wp-json\/wp\/v2\/media?parent=1211"}],"wp:term":[{"taxonomy":"category","embeddable":true,"href":"https:\/\/www.cdlpv.org\/dtl\/wp-json\/wp\/v2\/categories?post=1211"},{"taxonomy":"post_tag","embeddable":true,"href":"https:\/\/www.cdlpv.org\/dtl\/wp-json\/wp\/v2\/tags?post=1211"}],"curies":[{"name":"wp","href":"https:\/\/api.w.org\/{rel}","templated":true}]}}