{"id":121,"date":"2007-07-04T18:46:00","date_gmt":"2007-07-04T17:46:00","guid":{"rendered":"http:\/\/www.cdlpv.org\/dtl\/?p=121"},"modified":"2007-07-04T18:46:00","modified_gmt":"2007-07-04T17:46:00","slug":"el-catala-a-europa-quina-gracia","status":"publish","type":"post","link":"https:\/\/www.cdlpv.org\/dtl\/2007\/07\/04\/el-catala-a-europa-quina-gracia\/","title":{"rendered":"El catal\u00e0 a Europa: quina gr\u00e0cia!"},"content":{"rendered":"<p>El catal\u00e0 continua sense ser oficial al parlament espanyol, tot i que Manuel Mar\u00edn li perdona a Vicent Cerd\u00e0 algunes emboscades ling\u00fc\u00edstiques d&#8217;un frase &mdas;ho vam vore ahir en <span class=\"versaleta\">tv3<\/span>&mdash;. L&#8217;actual eurodiputat catal\u00e0 Josep Borrell demanava el dia de la seua investidura com a president de la cambra europea que no intentaren &mdash;especialment, suposem, els eurodiputats catalans&mdash; parlar catal\u00e0 en els plens mentres la llengua no f\u00f3ra oficial a la <span class=\"versaleta\">ue<\/span>.<\/p>\n<p>Amb tota la barra i la tranquil\u00b7litat del m\u00f3n el web <em>Endavant Digital<\/em> (del <span class=\"versaleta\">psc<\/span>) dia el <a href=\"http:\/\/www.socialistes.cat\/ambit\/endavantdigital\/view.asp?id=175441&#038;nwl=5943\" target=\"_blank\">15 de gener del 2007<\/a>, quan Borrell deixava de ser president de la cambra europea:<\/p>\n<blockquote><p>\nDurant la presid\u00e8ncia de Borrell s\u00b4ha aconseguit tamb\u00e9 que els ciutadans catalans puguin adre\u00e7ar-se al Parlament Europeu en catal\u00e0 i rebre resposta en la mateixa llengua.<\/p>\n<p>L\u00b4aprovaci\u00f3 en el Consell de Ministres de la Uni\u00f3 Europea del Memor\u00e0ndum del Govern espanyol sobre l\u00b4\u00fas oficial del catal\u00e0, l\u00b4euskera i el gallec en les institucions europees, el 14 de juny de 2005, va suposar un pas endavant molt important cap al reconeixement oficial del catal\u00e0 a la <span class=\"versaleta\">ue<\/span>.<\/p>\n<p>Borrell, com a president del Parlament, tamb\u00e9 ha vist com una altra instituci\u00f3 europea, el Consell de Ministres , obria les portes a la participaci\u00f3 de consellers del Govern de la Generalitat, i fins i tot com un ministre del Govern espanyol, Jos\u00e9 Montilla, s\u00b4hi adre\u00e7ava en catal\u00e0.\n<\/p><\/blockquote>\n<p>\u00c9s clar que gr\u00e0cies a la mobilitzaci\u00f3 d&#8217;altres parlarmentaris &mdash;recordem ara especialment les intvervencions de Bernat Joan&mdash; i a la voluntat d&#8217;altres companys de Borrell i d&#8217;altres grups pol\u00edtics, s&#8217;han aconseguit millores, per\u00f2 cal parar esment en el que diu <em>Endavant Digital<\/em> quan assenyala que Borrell \u00abha vist\u00bb&#8230; Ho ha vist passar, quin remei!. Aix\u00ed doncs, com diu el <a href=\"http:\/\/refranyer.blogspot.com\/\" target=\"_blank\">refranyer<\/a> de V\u00edctor P\u00e0mies, \u00abpuja aqu\u00ed dalt!\u00bb.<\/p>\n<p>Amb tot, no podem negar que si ara li ha trobat gustet a la cosa i creu que li conv\u00e9 eixir en eixa <em>foto<\/em>, que continue insistint-hi i esperem que tant o m\u00e9s com Vidal-Quadras ho fa contra el catal\u00e0 a Europa; i tant o m\u00e9s com ho fan els socialistes i altres contra el catal\u00e0 i la resta de lleng\u00fces de l&#8217;estat al parlament espanyol.<\/p>\n<p>Al capdavall, esta \u00e9s la not\u00edcia que du el diari <em>Avui<\/em> (<a href=\"http:\/\/www.avui.cat\/article\/mon_politica\/2780\/eurodiputats\/catalans\/pressionen\/la\/llengua.html\" target=\"_blank\">dc. 04.07.2007<\/a>):<\/p>\n<blockquote>\n<h5>Envien una carta al president de la cambra europea amb una petici\u00f3 de reuni\u00f3<\/h5>\n<h2>Els eurodiputats catalans pressionen per la llengua<\/h2>\n<h3>Els set eurodiputats de PSC, CiU, ERC i ICV-EUiA que han constitu\u00eft un front com\u00fa des de fa mesos per reivindicar l\u2019\u00fas de la llengua catalana al Parlament europeu demanaen una reuni\u00f3 al president de la cambra, Hans-Gert P\u00f6ttering, per exposar-li de viva veu les seves peticions<\/h3>\n<h5>Redacci\u00f3<\/h5>\n<p>Els set eurodiputats de <span class=\"versaleta\">psc, ciu, erc<\/span> i <span class=\"versaleta\">icv-euia<\/span> que han constitu\u00eft un front com\u00fa des de fa mesos per reivindicar l&#8217;\u00fas de la llengua catalana al Parlament europeu van demanar ahir una reuni\u00f3 al president de la cambra, Hans-Gert P\u00f6ttering, per exposar-li de viva veu les seves peticions i tamb\u00e9 per fer-li arribar el contingut de la reuni\u00f3 que el dia 15 de juny van mantenir amb el seu hom\u00f2leg catal\u00e0, el president del Parlament de Catalunya, Ernest Benach. En aquesta reuni\u00f3, els eurodiputats catalans &mdash;Josep Borrell, Maria Badia, Teresa Riera i Raimon Obiols, del <span class=\"versaleta\">psc<\/span>; Ignasi Guardans, de <span class=\"versaleta\">ciu<\/span>; Bernat Joan, d&#8217;<span class=\"versaleta\">erc<\/span>, i Ra\u00fcl Romeva, d&#8217;<span class=\"versaleta\">icv-euia<\/span>&mdash; van denunciar a Benach el paper \u00abobstaculitzador\u00bb de l&#8217;eurodiputat i vicepresident del Parlament europeu, el conservador Aleix Vidal-Quadras, en aquesta q\u00fcesti\u00f3.<\/p>\n<p>El president del Parlament de Catalunya va donar suport als representants catalans a Europa per engegar noves mesures que garantissin l&#8217;\u00fas del catal\u00e0 a la cambra de Brussel\u00b7les.<\/p>\n<p><strong>Resposta en catal\u00e0<\/strong><\/p>\n<p>Es d\u00f3na la circumst\u00e0ncia que el president de l&#8217;Europarlament ja va respondre a principis de mes algunes de les peticions que feien els eurodiputats catalans en una carta precisament escrita en catal\u00e0, per\u00f2 que denegava la petici\u00f3 que li feien d&#8217;utilitzar aquesta llengua a la cambra. En la nova carta, remesa amb data de dilluns a P\u00f6ttering, els eurodiputats, malgrat la resposta negativa inicial, li agraeixen \u00abla bona disposici\u00f3 envers l&#8217;acostament dels ciutadans de parla catalana a les institucions comunit\u00e0ries\u00bb.\n<\/p><\/blockquote>\n","protected":false},"excerpt":{"rendered":"<p>El catal\u00e0 continua sense ser oficial al parlament espanyol, tot i que Manuel Mar\u00edn li perdona a Vicent Cerd\u00e0 algunes emboscades ling\u00fc\u00edstiques d&#8217;un frase &mdas;ho vam vore ahir en tv3&mdash;. L&#8217;actual eurodiputat catal\u00e0 Josep Borrell demanava el dia de la seua investidura com a president de la cambra europea que no intentaren &mdash;especialment, suposem, els [&hellip;]<\/p>\n","protected":false},"author":2,"featured_media":0,"comment_status":"open","ping_status":"open","sticky":false,"template":"","format":"standard","meta":{"footnotes":""},"categories":[4,1,19,24,35],"tags":[],"class_list":["post-121","post","type-post","status-publish","format-standard","hentry","category-dret","category-general","category-politica","category-requisit-linguistic","category-unio-europea"],"_links":{"self":[{"href":"https:\/\/www.cdlpv.org\/dtl\/wp-json\/wp\/v2\/posts\/121","targetHints":{"allow":["GET"]}}],"collection":[{"href":"https:\/\/www.cdlpv.org\/dtl\/wp-json\/wp\/v2\/posts"}],"about":[{"href":"https:\/\/www.cdlpv.org\/dtl\/wp-json\/wp\/v2\/types\/post"}],"author":[{"embeddable":true,"href":"https:\/\/www.cdlpv.org\/dtl\/wp-json\/wp\/v2\/users\/2"}],"replies":[{"embeddable":true,"href":"https:\/\/www.cdlpv.org\/dtl\/wp-json\/wp\/v2\/comments?post=121"}],"version-history":[{"count":0,"href":"https:\/\/www.cdlpv.org\/dtl\/wp-json\/wp\/v2\/posts\/121\/revisions"}],"wp:attachment":[{"href":"https:\/\/www.cdlpv.org\/dtl\/wp-json\/wp\/v2\/media?parent=121"}],"wp:term":[{"taxonomy":"category","embeddable":true,"href":"https:\/\/www.cdlpv.org\/dtl\/wp-json\/wp\/v2\/categories?post=121"},{"taxonomy":"post_tag","embeddable":true,"href":"https:\/\/www.cdlpv.org\/dtl\/wp-json\/wp\/v2\/tags?post=121"}],"curies":[{"name":"wp","href":"https:\/\/api.w.org\/{rel}","templated":true}]}}