{"id":1207,"date":"2009-07-22T12:44:13","date_gmt":"2009-07-22T11:44:13","guid":{"rendered":"http:\/\/www.cdlpv.org\/dtl\/?p=1207"},"modified":"2009-07-22T12:44:13","modified_gmt":"2009-07-22T11:44:13","slug":"flaixos-sobre-el-congres-convit-joan-sola-i-dixio","status":"publish","type":"post","link":"https:\/\/www.cdlpv.org\/dtl\/2009\/07\/22\/flaixos-sobre-el-congres-convit-joan-sola-i-dixio\/","title":{"rendered":"Flaixos sobre el congr\u00e9s Convit, Joan Sol\u00e0 i Dixio"},"content":{"rendered":"<p>Els <em>Flaixos d\u2019Actualitat<\/em> (<a href=\"http:\/\/www20.gencat.cat\/portal\/site\/Llengcat\/menuitem.08f45c9e3857090e3285bdb1b0c0e1a0\/?vgnextoid=cedaaa22b7103110VgnVCM1000008d0c1e0aRCRD&#038;vgnextchannel=cedaaa22b7103110VgnVCM1000008d0c1e0aRCRD&#038;vgnextfmt=default\" target=\"_blank\">n\u00fam. 38<\/a>, 21.07.2009) ens envien, entre altres, la informaci\u00f3 seg\u00fcent:<\/p>\n<blockquote>\n<h2>Premis Convit<\/h2>\n<p>En el marc del I Congr\u00e9s de Serveis Ling\u00fc\u00edstics de Territoris de Parla Catalana, <a href=\"http:\/\/www.congresconvit.cat\" target=\"_blank\">CONVIT<\/a>, que va tenir lloc a Girona els dies 16 i 17 de juliol i va aplegar 300 congressistes procedents de diferents punts dels territoris de parla catalana, el comit\u00e8 organitzador del Congr\u00e9s ha volgut  recon\u00e8ixer aquelles persones que han destacat per la seva traject\u00f2ria a favor de la llengua catalana o per la realitzaci\u00f3 d\u2019una iniciativa concreta de promoci\u00f3 de la llengua i cultura catalanes.<\/p>\n<p>Els primers premis Convit han recaigut en Matilde Arag\u00f3, presidenta de l&#8217;Associaci\u00f3 de Juristes en Defensa de la Llengua Pr\u00f2pia, i Miquel Catal\u00e0, per la traducci\u00f3 del web del Parlament Europeu al catal\u00e0.<\/p>\n<p>El comit\u00e8 organitzador del Congr\u00e9s l\u2019integren l\u2019Ajuntament de Girona, la Secretaria de Pol\u00edtica Ling\u00fc\u00edstica de la Generalitat de Catalunya, el Consorci per a la Normalitzaci\u00f3 Ling\u00fc\u00edstica, la Diputaci\u00f3 de Girona, la Universitat de Girona, la Secretaria d\u2019Estat de Pol\u00edtica Cultural del Govern d\u2019Andorra, l\u2019Institut Font Nova de Perpiny\u00e0 i la Xarxa Vives d\u2019Universitats.<\/p>\n<h2>Discurs de Joan Sol\u00e0 al Parlament de Catalunya<\/h2>\n<p>El ling\u00fcista Joan Sol\u00e0, distingit amb el quaranta-un\u00e8 Premi d&#8217;Honor de les Lletres Catalanes, va compar\u00e8ixer davant del ple del Parlament de Catalunya de l&#8217;1 de juliol, a proposta del president, Ernest Benach. Sol\u00e0 va alertar que la llengua catalana &#8220;no est\u00e0 b\u00e9 de salut, ni de salut pol\u00edtica, ni de salut social ni de salut filol\u00f2gica&#8221;.<\/p>\n<p>Aquesta \u00e9s la primera vegada que la cambra ha fet \u00fas de l&#8217;article 178 del Reglament, que permet convidar personalitats rellevants per la seva significaci\u00f3 institucional, pol\u00edtica, social, cient\u00edfica o cultural a intervenir davant el ple.<\/p>\n<p>Podeu llegir la transcripci\u00f3 del discurs de Joan Sol\u00e0 a: <a href=\"http:\/\/www.parlament.cat\/activitat\/dspcp\/08p087.pdf\" target=\"_blank\"><span class=\"versaleta\">[pdf]<\/span><\/a><\/p>\n<h2>Dixio<\/h2>\n<p><a href=\"http:\/\/www.dixio.com\/index.php\" target=\"_blank\">Dixio<\/a> \u00e9s un eina que ajuda a la comprensi\u00f3 de textos digitals. Amb un sol clic sobre les paraules, proporciona definicions, traduccions o imatges sense sortir de la p\u00e0gina web que es visita, el document en qu\u00e8 s\u2019est\u00e0 treballant o el correu electr\u00f2nic que s\u2019est\u00e0 llegint. La persona usu\u00e0ria pot configurar-ne el servei. Inclou el catal\u00e0, el castell\u00e0 i l\u2019angl\u00e8s.\n<\/p><\/blockquote>\n","protected":false},"excerpt":{"rendered":"<p>Els Flaixos d\u2019Actualitat (n\u00fam. 38, 21.07.2009) ens envien, entre altres, la informaci\u00f3 seg\u00fcent: Premis Convit En el marc del I Congr\u00e9s de Serveis Ling\u00fc\u00edstics de Territoris de Parla Catalana, CONVIT, que va tenir lloc a Girona els dies 16 i 17 de juliol i va aplegar 300 congressistes procedents de diferents punts dels territoris de [&hellip;]<\/p>\n","protected":false},"author":2,"featured_media":0,"comment_status":"open","ping_status":"open","sticky":false,"template":"","format":"standard","meta":{"footnotes":""},"categories":[2,3,10,1,16,19,26,27],"tags":[113,144,277,380],"class_list":["post-1207","post","type-post","status-publish","format-standard","hentry","category-comunicacio","category-documentacio","category-formacio","category-general","category-lexicografia","category-politica","category-serveis-linguistics","category-sociolinguistica","tag-congressos","tag-diccionaris","tag-linguistes","tag-premis"],"_links":{"self":[{"href":"https:\/\/www.cdlpv.org\/dtl\/wp-json\/wp\/v2\/posts\/1207","targetHints":{"allow":["GET"]}}],"collection":[{"href":"https:\/\/www.cdlpv.org\/dtl\/wp-json\/wp\/v2\/posts"}],"about":[{"href":"https:\/\/www.cdlpv.org\/dtl\/wp-json\/wp\/v2\/types\/post"}],"author":[{"embeddable":true,"href":"https:\/\/www.cdlpv.org\/dtl\/wp-json\/wp\/v2\/users\/2"}],"replies":[{"embeddable":true,"href":"https:\/\/www.cdlpv.org\/dtl\/wp-json\/wp\/v2\/comments?post=1207"}],"version-history":[{"count":0,"href":"https:\/\/www.cdlpv.org\/dtl\/wp-json\/wp\/v2\/posts\/1207\/revisions"}],"wp:attachment":[{"href":"https:\/\/www.cdlpv.org\/dtl\/wp-json\/wp\/v2\/media?parent=1207"}],"wp:term":[{"taxonomy":"category","embeddable":true,"href":"https:\/\/www.cdlpv.org\/dtl\/wp-json\/wp\/v2\/categories?post=1207"},{"taxonomy":"post_tag","embeddable":true,"href":"https:\/\/www.cdlpv.org\/dtl\/wp-json\/wp\/v2\/tags?post=1207"}],"curies":[{"name":"wp","href":"https:\/\/api.w.org\/{rel}","templated":true}]}}