{"id":1204,"date":"2009-07-22T11:46:52","date_gmt":"2009-07-22T10:46:52","guid":{"rendered":"http:\/\/www.cdlpv.org\/dtl\/?p=1204"},"modified":"2009-07-22T11:46:52","modified_gmt":"2009-07-22T10:46:52","slug":"llengua-i-us-45-leslub-i-el-catala-en-la-justicia","status":"publish","type":"post","link":"https:\/\/www.cdlpv.org\/dtl\/2009\/07\/22\/llengua-i-us-45-leslub-i-el-catala-en-la-justicia\/","title":{"rendered":"Llengua i \u00das (45): l&#8217;ESLUB i el catal\u00e0 en la just\u00edcia"},"content":{"rendered":"<p>L&#8217;\u00faltim n\u00famero de la revista <em>Llengua i \u00das<\/em> (n\u00fam. 45) ens oferix, enret altres , els articles seg\u00fcents:<\/p>\n<blockquote>\n<ul>\n<li>\u00abSens Dubte dins l\u2019ESLUB hi ha el CUB. Les noves tecnologies al servei de l\u2019assessorament ling\u00fc\u00edstic\u00bb de Xavier Albons, \u00c0ngels Egea, Anna Grau, Marta Juncadella (Universitat de Barcelona). <a href=\"http:\/\/www6.gencat.net\/llengcat\/liu\/45_31.pdf\" target=\"_blank\"><span class=\"versaleta\">[pdf]<\/span><\/a>\n<li>\u00abEls usos ling\u00fc\u00edstics a l\u2019Administraci\u00f3 de Just\u00edcia 2008\u00bb de Josep M. Codinach (ICC, Consultors Culturals, SL) i Ignasi Genov\u00e8s (Secretaria de Pol\u00edtica Ling\u00fc\u00edstica). <a href=\"http:\/\/www6.gencat.net\/llengcat\/liu\/45_43.pdf\" target=\"_blank\"><span class=\"versaleta\">[pdf]<\/span><\/a>\n<\/ul>\n<\/blockquote>\n<p>El primer dels articles parlar de l&#8217;<a href=\"http:\/\/www.ub.edu\/sl\/eslub\" target=\"_blank\"><span class=\"versaleta\">eslub<\/span><\/a>, un assistent per a la revisi\u00f3 ling\u00fc\u00edstica de textos en catal\u00e0. L&#8217;eina est\u00e0 programada en Visual Basic i es distribu\u00efx com una plantilla del Word.<\/p>\n","protected":false},"excerpt":{"rendered":"<p>L&#8217;\u00faltim n\u00famero de la revista Llengua i \u00das (n\u00fam. 45) ens oferix, enret altres , els articles seg\u00fcents: \u00abSens Dubte dins l\u2019ESLUB hi ha el CUB. Les noves tecnologies al servei de l\u2019assessorament ling\u00fc\u00edstic\u00bb de Xavier Albons, \u00c0ngels Egea, Anna Grau, Marta Juncadella (Universitat de Barcelona). [pdf] \u00abEls usos ling\u00fc\u00edstics a l\u2019Administraci\u00f3 de Just\u00edcia 2008\u00bb [&hellip;]<\/p>\n","protected":false},"author":2,"featured_media":0,"comment_status":"open","ping_status":"open","sticky":false,"template":"","format":"standard","meta":{"footnotes":""},"categories":[2,4,1,12,22,24,26,27],"tags":[262,417,444,518],"class_list":["post-1204","post","type-post","status-publish","format-standard","hentry","category-comunicacio","category-dret","category-general","category-informatica","category-recerca","category-requisit-linguistic","category-serveis-linguistics","category-sociolinguistica","tag-justicia","tag-revistes","tag-socioestadistica","tag-word"],"_links":{"self":[{"href":"https:\/\/www.cdlpv.org\/dtl\/wp-json\/wp\/v2\/posts\/1204","targetHints":{"allow":["GET"]}}],"collection":[{"href":"https:\/\/www.cdlpv.org\/dtl\/wp-json\/wp\/v2\/posts"}],"about":[{"href":"https:\/\/www.cdlpv.org\/dtl\/wp-json\/wp\/v2\/types\/post"}],"author":[{"embeddable":true,"href":"https:\/\/www.cdlpv.org\/dtl\/wp-json\/wp\/v2\/users\/2"}],"replies":[{"embeddable":true,"href":"https:\/\/www.cdlpv.org\/dtl\/wp-json\/wp\/v2\/comments?post=1204"}],"version-history":[{"count":0,"href":"https:\/\/www.cdlpv.org\/dtl\/wp-json\/wp\/v2\/posts\/1204\/revisions"}],"wp:attachment":[{"href":"https:\/\/www.cdlpv.org\/dtl\/wp-json\/wp\/v2\/media?parent=1204"}],"wp:term":[{"taxonomy":"category","embeddable":true,"href":"https:\/\/www.cdlpv.org\/dtl\/wp-json\/wp\/v2\/categories?post=1204"},{"taxonomy":"post_tag","embeddable":true,"href":"https:\/\/www.cdlpv.org\/dtl\/wp-json\/wp\/v2\/tags?post=1204"}],"curies":[{"name":"wp","href":"https:\/\/api.w.org\/{rel}","templated":true}]}}