{"id":1199,"date":"2009-07-20T09:28:05","date_gmt":"2009-07-20T08:28:05","guid":{"rendered":"http:\/\/www.cdlpv.org\/dtl\/?p=1199"},"modified":"2009-07-20T09:28:05","modified_gmt":"2009-07-20T08:28:05","slug":"ajudes-a-associacions-i-empreses","status":"publish","type":"post","link":"https:\/\/www.cdlpv.org\/dtl\/2009\/07\/20\/ajudes-a-associacions-i-empreses\/","title":{"rendered":"Ajudes a associacions i empreses"},"content":{"rendered":"<p>El <span class=\"versaleta\">cidaj<\/span> ens envia la informaci\u00f3 seg\u00fcent:<\/p>\n<blockquote>\n<ul>\n<li>Resoluci\u00f3 d&#8217;1 de juliol de 2009, de la Conselleria d&#8217;Educaci\u00f3, per la qual es concedixen ajudes econ\u00f2miques per a les associacions c\u00edviques sense finalitat lucrativa per a la realitzaci\u00f3 d&#8217;activitats de promoci\u00f3 de l&#8217;\u00fas del valenci\u00e0 en 2009. [2009\/8206] (<span class=\"versaleta\"><em>docv<\/em><\/span> n\u00fam. 6.057, de 15.07.2009)<br \/>\n<a href=\"http:\/\/www.pre.gva.es\/L\/BASIS\/BDLGVPU\/WEB\/LEV_LISTADOS_TEXTO\/DDW?W%3DSIGNATURA_N=8298+AND+SIGNATURA_A=2009%26R%3DN\" target=\"_blank\">&#8211; vegeu text<\/a><\/p>\n<li>Resoluci\u00f3 de 2 de juliol de 2009, de la secret\u00e0ria auton\u00f2mica d&#8217;Educaci\u00f3, per la qual es concedixen ajudes econ\u00f2miques per les empreses, comer\u00e7os i ind\u00fastries, radicades en la Comunitat Valenciana, per a la realitzaci\u00f3 d&#8217;activitats de promoci\u00f3 de l&#8217;\u00fas del valenci\u00e0 en 2009. [2009\/8223] (<span class=\"versaleta\"><em>docv<\/em><\/span> n\u00fam. 6.057, de 15.07.2009)<br \/>\n<a href=\"http:\/\/www.pre.gva.es\/L\/BASIS\/BDLGVPU\/WEB\/LEV_LISTADOS_TEXTO\/DDW?W%3DSIGNATURA_N=8299+AND+SIGNATURA_A=2009%26R%3DN\" target=\"_blank\">&#8211; vegeu text<\/a>\n<\/ul>\n<\/blockquote>\n","protected":false},"excerpt":{"rendered":"<p>El cidaj ens envia la informaci\u00f3 seg\u00fcent: Resoluci\u00f3 d&#8217;1 de juliol de 2009, de la Conselleria d&#8217;Educaci\u00f3, per la qual es concedixen ajudes econ\u00f2miques per a les associacions c\u00edviques sense finalitat lucrativa per a la realitzaci\u00f3 d&#8217;activitats de promoci\u00f3 de l&#8217;\u00fas del valenci\u00e0 en 2009. [2009\/8206] (docv n\u00fam. 6.057, de 15.07.2009) &#8211; vegeu text Resoluci\u00f3 [&hellip;]<\/p>\n","protected":false},"author":2,"featured_media":0,"comment_status":"open","ping_status":"open","sticky":false,"template":"","format":"standard","meta":{"footnotes":""},"categories":[1,28],"tags":[51,68],"class_list":["post-1199","post","type-post","status-publish","format-standard","hentry","category-general","category-subvencions","tag-ajudes","tag-associacions"],"_links":{"self":[{"href":"https:\/\/www.cdlpv.org\/dtl\/wp-json\/wp\/v2\/posts\/1199","targetHints":{"allow":["GET"]}}],"collection":[{"href":"https:\/\/www.cdlpv.org\/dtl\/wp-json\/wp\/v2\/posts"}],"about":[{"href":"https:\/\/www.cdlpv.org\/dtl\/wp-json\/wp\/v2\/types\/post"}],"author":[{"embeddable":true,"href":"https:\/\/www.cdlpv.org\/dtl\/wp-json\/wp\/v2\/users\/2"}],"replies":[{"embeddable":true,"href":"https:\/\/www.cdlpv.org\/dtl\/wp-json\/wp\/v2\/comments?post=1199"}],"version-history":[{"count":0,"href":"https:\/\/www.cdlpv.org\/dtl\/wp-json\/wp\/v2\/posts\/1199\/revisions"}],"wp:attachment":[{"href":"https:\/\/www.cdlpv.org\/dtl\/wp-json\/wp\/v2\/media?parent=1199"}],"wp:term":[{"taxonomy":"category","embeddable":true,"href":"https:\/\/www.cdlpv.org\/dtl\/wp-json\/wp\/v2\/categories?post=1199"},{"taxonomy":"post_tag","embeddable":true,"href":"https:\/\/www.cdlpv.org\/dtl\/wp-json\/wp\/v2\/tags?post=1199"}],"curies":[{"name":"wp","href":"https:\/\/api.w.org\/{rel}","templated":true}]}}