{"id":1193,"date":"2009-07-16T13:04:21","date_gmt":"2009-07-16T12:04:21","guid":{"rendered":"http:\/\/www.cdlpv.org\/dtl\/?p=1193"},"modified":"2019-08-19T09:23:05","modified_gmt":"2019-08-19T08:23:05","slug":"ajuts-per-al-foment-de-lus-del-catala-en-tarragona","status":"publish","type":"post","link":"https:\/\/www.cdlpv.org\/dtl\/2009\/07\/16\/ajuts-per-al-foment-de-lus-del-catala-en-tarragona\/","title":{"rendered":"Ajuts per al foment de l&#8217;\u00fas del catal\u00e0 en Tarragona"},"content":{"rendered":"<p>Xavier Rull ens envia a trav\u00e9s d&#8217;Infoz\u00e8fir la informaci\u00f3 seg\u00fcent:<\/p>\n<blockquote>\n<h2>Ajuts a entitats per a projectes de foment de l\u2019\u00fas del catal\u00e0<\/h2>\n<p><strong>Extracte de les bases<\/strong><\/p>\n<p>A trav\u00e9s dels Ajuts a Entitats per a Projectes de Foment de l\u2019\u00das del Catal\u00e0, l\u2019Ajuntament de Tarragona d\u00f3na suport econ\u00f2mic a projectes impulsats per les associacions de la ciutat que estiguin orientats a sensibilitzar sobre la necessitat d\u2019utilitzar el catal\u00e0, fomentar les actituds ling\u00fc\u00edstiques responsables i augmentar la pres\u00e8ncia p\u00fablica de la llengua.<\/p>\n<p><strong>Quines caracter\u00edstiques han de tenir els projectes?<\/strong><\/p>\n<ul>\n<li>1. Tots els projectes han de preveure accions destinades a fomentar el manteniment, la protecci\u00f3, la pres\u00e8ncia p\u00fablica i l\u2019\u00fas de la llengua catalana.<\/li>\n<li>2. Hi ha d\u2019haver una participaci\u00f3 activa de la ciutadania de Tarragona.<\/li>\n<li>3. L\u2019import de l\u2019ajut, juntament amb el dels ajuts concedits amb la mateixa finalitat per altres administracions p\u00fabliques, no podr\u00e0 ultrapassar el cost del projecte.<\/li>\n<li>4. L\u2019import de l\u2019ajut es fixar\u00e0 d\u2019acord amb el pressupost i la documentaci\u00f3 aportada per l\u2019entitat sol\u00b7licitant, i d\u2019acord amb les disponibilitats pressupost\u00e0ries de la convocat\u00f2ria. L\u2019Ajuntament podr\u00e0 demanar aclariments i, en el seu cas, imposar reduccions.<\/li>\n<li>5. Els projectes han de constar dels apartats especificats a l\u2019apartat 2.2, \u00abDocumentaci\u00f3 t\u00e8cnica\u00bb.<\/li>\n<li>6. Perqu\u00e8 els projectes es considerin elegibles a efectes de la convocat\u00f2ria, les despeses hauran de:\n<ul>\n<li>6.1. Ser necess\u00e0ries per a l\u2019execuci\u00f3 de l\u2019acci\u00f3, estar previstes en la descripci\u00f3 dels costos imputables a cada partida i atendre el principi de bona gesti\u00f3 financera i, en particular, de rendibilitat i efic\u00e0cia.<\/li>\n<li>6.2. Estar vinculades clarament a les activitats previstes al projecte.<\/li>\n<li>6.3. Estar previstes per ser abonades durant el per\u00edode d\u2019execuci\u00f3 de l\u2019acci\u00f3 finan\u00e7ada per l\u2019Ajuntament.<\/li>\n<\/ul>\n<\/li>\n<\/ul>\n<p>Els projectes es duran a terme durant l\u2019any 2009. Cal tenir en compte que hi ha la possibilitat de demanar una pr\u00f2rroga si l\u2019entitat no ha acabat de desenvolupar el projecte a final de 2009.<\/p>\n<p>Els projectes admesos s\u2019avaluaran d\u2019acord amb un barem de 100 punts que tindr\u00e0 en compte criteris de pertinen\u00e7a, capacitat operativa de l\u2019entitat que els presenti, metodologia, sostenibilitat i viabilitat, impacte i incorporaci\u00f3 de sistemes d\u2019avaluaci\u00f3.<\/p>\n<p><strong>Com s\u2019ha de fer la sol\u00b7licitud i quina documentaci\u00f3 s\u2019hi ha d\u2019adjuntar?<\/strong><\/p>\n<ul>\n<li>1. La sol\u00b7licitud s\u2019ha de formalitzar mitjan\u00e7ant el model establert, que estar\u00e0 a disposici\u00f3 de les persones interessades al web de l\u2019Ajuntament, a l\u2019OMAC i al Servei de Pol\u00edtica Ling\u00fc\u00edstica de l\u2019Ajuntament.<\/li>\n<li>2. La sol\u00b7licitud ha d\u2019acompanyar-se amb la documentaci\u00f3 seg\u00fcent:\n<ul>\n<li>2.1. Documentaci\u00f3 administrativa:\n<ul>\n<li>2.1.1. Fotoc\u00f2pia compulsada del NIF.<\/li>\n<li>2.1.2. Certificat del nombre de socis o de membres associats, o patrons, en el sup\u00f2sit de fundacions.<\/li>\n<li>2.1.3. Relaci\u00f3 dels membres de la Junta Directiva de l\u2019entitat, amb data del seu nomenament i indicaci\u00f3 del personal empleat, ja siguin alliberats o voluntaris.<\/li>\n<li>2.1.4. Declaraci\u00f3 responsable del representant legal conforme l\u2019entitat est\u00e0 al corrent de les obligacions tribut\u00e0ries i amb la Seguretat Social. La presentaci\u00f3 de la sol\u00b7licitud de subvenci\u00f3 comporta l\u2019autoritzaci\u00f3 del sol\u00b7licitant perqu\u00e8 l\u2019Ajuntament de Tarragona obtingui directament de l\u2019Ag\u00e8ncia Tribut\u00e0ria el certificat telem\u00e0tic que acrediti (d\u2019acord amb l\u2019article 18 del Reglament de la Llei 38\/2003, de 17 de novembre, general de subvencions) que est\u00e0 al corrent de les obligacions tribut\u00e0ries.<\/li>\n<li>2.1.5. Declaraci\u00f3 responsable de no estar sotm\u00e8s en cap de les incompatibilitats establertes per l\u2019article 13 de la Llei general de subvencions.<\/li>\n<li>2.1.6. Declaraci\u00f3 de les subvencions sol\u00b7licitades, i rebudes si fos el cas, d\u2019altres administracions o ens p\u00fablics, pel projecte que es presenta.<\/li>\n<li>2.1.7. Fotoc\u00f2pia compulsada del DNI dels representants (la persona que signa la sol\u00b7licitud) i acreditaci\u00f3 de la representaci\u00f3.<\/li>\n<li>2.1.8. Fitxa de les dades banc\u00e0ries per possibilitar la transfer\u00e8ncia de fons al beneficiari en cas que sigui atorgat l\u2019ajut. Aquesta sol\u00b7licitud de transfer\u00e8ncia ha d\u2019anar signada per un representant de l\u2019entitat i diligenciada per l\u2019entitat banc\u00e0ria.<\/li>\n<li>2.1.9. Comprom\u00eds de fer constar en els materials de difusi\u00f3 i publicitat del projecte que es presenta el logotip de l\u2019Ajuntament de Tarragona i la frase \u201cAmb la col\u00b7laboraci\u00f3 del Servei de Pol\u00edtica Ling\u00fc\u00edstica de l\u2019Ajuntament de Tarragona\u201d.<\/li>\n<li>2.1.10. Declaraci\u00f3 de vig\u00e8ncia de documentaci\u00f3 anteriorment presentada.<\/li>\n<\/ul>\n<\/li>\n<li>2.2. Documentaci\u00f3 t\u00e8cnica (projecte i annexos):\n<ul>\n<li>2.2.1. Origen i breu definici\u00f3 del projecte<\/li>\n<li>2.2.2. Objectius, activitats i resultats previstos<\/li>\n<li>2.2.3. Beneficiaris<\/li>\n<li>2.2.4. Localitzaci\u00f3<\/li>\n<li>2.2.5. Calendari d\u2019execuci\u00f3 del projecte<\/li>\n<li>2.2.6. Mecanismes d\u2019avaluaci\u00f3<\/li>\n<li>2.2.7. Pressupost<\/li>\n<\/ul>\n<\/li>\n<\/ul>\n<\/li>\n<\/ul>\n<p>La presentaci\u00f3 de la sol\u00b7licitud de subvenci\u00f3 pressuposa autom\u00e0ticament el coneixement i l\u2019acceptaci\u00f3 de les normes que la regulen. Tamb\u00e9 suposa l\u2019autoritzaci\u00f3 a l\u2019Ajuntament de Tarragona perqu\u00e8 pugui consultar a les administracions p\u00fabliques si l\u2019entitat sol\u00b7licitant est\u00e0 al corrent de les obligacions fiscals i amb la Seguretat Social.<\/p>\n<p><strong>Qui s\u2019hi pot presentar?<\/strong><\/p>\n<p>Les persones jur\u00eddiques sense afany de lucre que presentin un projecte de foment de l\u2019\u00fas del catal\u00e0 a Tarragona.<\/p>\n<p><strong>On i quan s\u2019han de presentar les sol\u00b7licituds?<\/strong><\/p>\n<p>Les sol\u00b7licituds es poden presentar al Registre General de l\u2019Ajuntament &#8211; Oficina Municipal d\u2019Atenci\u00f3 Ciutadana (OMAC), ubicada a la Rambla Nova, 59, de Tarragona i en qualsevol dels registres oficials de l\u2019Ajuntament de Tarragona.<\/p>\n<p>El termini per presentar les sol\u00b7licituds s\u2019acaba el 16 d\u2019octubre de 2009.<\/p>\n<p><strong>Per a m\u00e9s informaci\u00f3:<\/strong><br \/>\nServei de Pol\u00edtica Ling\u00fc\u00edstica<br \/>\nCasa Castellarnau<br \/>\nC\/ Cavallers, 14<br \/>\n43003 Tarragona<br \/>\nTel.: 977 24 22 20<br \/>\na\/e: <a href=\"mailto:politica_linguistica@tarragona.cat\" target=\"_blank\" rel=\"noopener noreferrer\">politica_linguistica@tarragona.cat<\/a><\/p><\/blockquote>\n","protected":false},"excerpt":{"rendered":"<p>Xavier Rull ens envia a trav\u00e9s d&#8217;Infoz\u00e8fir la informaci\u00f3 seg\u00fcent: Ajuts a entitats per a projectes de foment de l\u2019\u00fas del catal\u00e0 Extracte de les bases A trav\u00e9s dels Ajuts a Entitats per a Projectes de Foment de l\u2019\u00das del Catal\u00e0, l\u2019Ajuntament de Tarragona d\u00f3na suport econ\u00f2mic a projectes impulsats per les associacions de la [&hellip;]<\/p>\n","protected":false},"author":2,"featured_media":0,"comment_status":"open","ping_status":"open","sticky":false,"template":"","format":"standard","meta":{"footnotes":""},"categories":[1,15,47,28],"tags":[50,51,459],"class_list":["post-1193","post","type-post","status-publish","format-standard","hentry","category-general","category-laboral","category-planificacio","category-subvencions","tag-administracio-local","tag-ajudes","tag-tarragona"],"_links":{"self":[{"href":"https:\/\/www.cdlpv.org\/dtl\/wp-json\/wp\/v2\/posts\/1193","targetHints":{"allow":["GET"]}}],"collection":[{"href":"https:\/\/www.cdlpv.org\/dtl\/wp-json\/wp\/v2\/posts"}],"about":[{"href":"https:\/\/www.cdlpv.org\/dtl\/wp-json\/wp\/v2\/types\/post"}],"author":[{"embeddable":true,"href":"https:\/\/www.cdlpv.org\/dtl\/wp-json\/wp\/v2\/users\/2"}],"replies":[{"embeddable":true,"href":"https:\/\/www.cdlpv.org\/dtl\/wp-json\/wp\/v2\/comments?post=1193"}],"version-history":[{"count":1,"href":"https:\/\/www.cdlpv.org\/dtl\/wp-json\/wp\/v2\/posts\/1193\/revisions"}],"predecessor-version":[{"id":3582,"href":"https:\/\/www.cdlpv.org\/dtl\/wp-json\/wp\/v2\/posts\/1193\/revisions\/3582"}],"wp:attachment":[{"href":"https:\/\/www.cdlpv.org\/dtl\/wp-json\/wp\/v2\/media?parent=1193"}],"wp:term":[{"taxonomy":"category","embeddable":true,"href":"https:\/\/www.cdlpv.org\/dtl\/wp-json\/wp\/v2\/categories?post=1193"},{"taxonomy":"post_tag","embeddable":true,"href":"https:\/\/www.cdlpv.org\/dtl\/wp-json\/wp\/v2\/tags?post=1193"}],"curies":[{"name":"wp","href":"https:\/\/api.w.org\/{rel}","templated":true}]}}