{"id":1191,"date":"2009-07-16T11:56:44","date_gmt":"2009-07-16T10:56:44","guid":{"rendered":"http:\/\/www.cdlpv.org\/dtl\/?p=1191"},"modified":"2009-07-16T11:56:44","modified_gmt":"2009-07-16T10:56:44","slug":"jornada-sobre-linguistica-romanica-en-liec","status":"publish","type":"post","link":"https:\/\/www.cdlpv.org\/dtl\/2009\/07\/16\/jornada-sobre-linguistica-romanica-en-liec\/","title":{"rendered":"Jornada sobre ling\u00fc\u00edstica rom\u00e0nica en l&#8217;IEC"},"content":{"rendered":"<p>Marta Torres Vilatarsana ens envia a trav\u00e9s d&#8217;Infoz\u00e8fir la informaci\u00f3 seg\u00fcent:<\/p>\n<blockquote>\n<h2><span class=\"versaleta\">iv<\/span> Jornada Filol\u00f2gica organitzada per l&#8217;Associaci\u00f3 d&#8217;Amics del Dr. Antoni M. Badia i Margarit<\/h2>\n<p><strong>23 d&#8217;octubre de 2009<\/strong><\/p>\n<h2>La ling\u00fc\u00edstica rom\u00e0nica al segle <span class=\"versaleta\">xxi<\/span><\/h2>\n<p><strong>PROGRAMA<\/strong><\/p>\n<ul>\n<li>9,30   Recepci\u00f3 dels assistents\n<li>10 Inauguraci\u00f3 de la Jornada\n<li>10,30-11 Confer\u00e8ncia: La llengua catalana, ja madura, dins la roman\u00edstica, a c\u00e0rrec del Dr. Antoni M. Badia i Margarit, professor em\u00e8rit de la Universitat de Barcelona i membre de la Secci\u00f3 Filol\u00f2gica de l&#8217;Institut d&#8217;Estudis Catalans\n<li>11-11,45 Confer\u00e8ncia: La hist\u00f2ria de <em>\/ -r \/<\/em> en catal\u00e0: Perspectiva rom\u00e0nica, a c\u00e0rrec del Dr. Fernando S\u00e1nchez Miret, professor de la Universitat de  Salamanca :\n<li>11,45-12,15 Pausa amb caf\u00e8\n<li>12,15-13,15 Taula rodona: La ling\u00fc\u00edstica rom\u00e0nica al segle XXI, coordinada pel Dr. Jos\u00e9 Enrique Gargallo, professor de la Universitat de Barcelona. Hi intervindran la Dra. Mercedes Brea, professora de la Universitat de Santiago de Compostela, el Dr. Ramon Cerd\u00e0, professor de la Universitat de Barcelona, i el Dr. Xavier Lamuela, professor de la Universitat de Girona.\n<li>13,15-14 Discussi\u00f3 i conclusions\n<p>Institut d&#8217;Estudis Catalans<br \/>\nC. del Carme, 47<br \/>\nBarcelona 08001<br \/>\nSala Nicolau d&#8217;Olwer<br \/>\nPreinscripci\u00f3: Institut d&#8217;Estudis Catalans (Sra. Carme Aguilar <a href=\"mailto:caguilar@iec.cat\" target=\"_blank\">caguilar@iec.cat<\/a>) fins al dia 22 d&#8217;octubre.\n<\/p><\/blockquote>\n","protected":false},"excerpt":{"rendered":"<p>Marta Torres Vilatarsana ens envia a trav\u00e9s d&#8217;Infoz\u00e8fir la informaci\u00f3 seg\u00fcent: iv Jornada Filol\u00f2gica organitzada per l&#8217;Associaci\u00f3 d&#8217;Amics del Dr. Antoni M. Badia i Margarit 23 d&#8217;octubre de 2009 La ling\u00fc\u00edstica rom\u00e0nica al segle xxi PROGRAMA 9,30 Recepci\u00f3 dels assistents 10 Inauguraci\u00f3 de la Jornada 10,30-11 Confer\u00e8ncia: La llengua catalana, ja madura, dins la roman\u00edstica, [&hellip;]<\/p>\n","protected":false},"author":2,"featured_media":0,"comment_status":"open","ping_status":"open","sticky":false,"template":"","format":"standard","meta":{"footnotes":""},"categories":[10,1,46],"tags":[258,278],"class_list":["post-1191","post","type-post","status-publish","format-standard","hentry","category-formacio","category-general","category-iec","tag-jornades","tag-linguistica"],"_links":{"self":[{"href":"https:\/\/www.cdlpv.org\/dtl\/wp-json\/wp\/v2\/posts\/1191","targetHints":{"allow":["GET"]}}],"collection":[{"href":"https:\/\/www.cdlpv.org\/dtl\/wp-json\/wp\/v2\/posts"}],"about":[{"href":"https:\/\/www.cdlpv.org\/dtl\/wp-json\/wp\/v2\/types\/post"}],"author":[{"embeddable":true,"href":"https:\/\/www.cdlpv.org\/dtl\/wp-json\/wp\/v2\/users\/2"}],"replies":[{"embeddable":true,"href":"https:\/\/www.cdlpv.org\/dtl\/wp-json\/wp\/v2\/comments?post=1191"}],"version-history":[{"count":0,"href":"https:\/\/www.cdlpv.org\/dtl\/wp-json\/wp\/v2\/posts\/1191\/revisions"}],"wp:attachment":[{"href":"https:\/\/www.cdlpv.org\/dtl\/wp-json\/wp\/v2\/media?parent=1191"}],"wp:term":[{"taxonomy":"category","embeddable":true,"href":"https:\/\/www.cdlpv.org\/dtl\/wp-json\/wp\/v2\/categories?post=1191"},{"taxonomy":"post_tag","embeddable":true,"href":"https:\/\/www.cdlpv.org\/dtl\/wp-json\/wp\/v2\/tags?post=1191"}],"curies":[{"name":"wp","href":"https:\/\/api.w.org\/{rel}","templated":true}]}}