{"id":1187,"date":"2009-07-15T12:51:32","date_gmt":"2009-07-15T11:51:32","guid":{"rendered":"http:\/\/www.cdlpv.org\/dtl\/?p=1187"},"modified":"2009-07-15T12:51:32","modified_gmt":"2009-07-15T11:51:32","slug":"ajudes-a-entitats-locals-i-grau-mitja-de-la-jqcv","status":"publish","type":"post","link":"https:\/\/www.cdlpv.org\/dtl\/2009\/07\/15\/ajudes-a-entitats-locals-i-grau-mitja-de-la-jqcv\/","title":{"rendered":"Ajudes a entitats locals i grau mitj\u00e0 de la JQCV"},"content":{"rendered":"<p>El <span class=\"versaleta\">cidaj<\/span> ens envia la informaci\u00f3 seg\u00fcent:<\/p>\n<blockquote>\n<ul>\n<li>Resoluci\u00f3 d&#8217;1 de juliol de 2009, de la secret\u00e0ria auton\u00f2mica d&#8217;Educaci\u00f3 per la qual es concedixen ajudes econ\u00f2miques destinades a ajuntaments i mancomunitats de municipis que realitzen activitats de promoci\u00f3 de l&#8217;\u00fas del valenci\u00e0 durant l&#8217;any 2009. [2009\/8209] (<span class=\"versaleta\"><em>docv<\/em><\/span> n\u00fam. 6.055, de 13.07.2009)<br \/>\n<a href=\"http:\/\/www.pre.gva.es\/L\/BASIS\/BDLGVPU\/WEB\/LEV_LISTADOS_TEXTO\/DDW?W%3DSIGNATURA_N=8179+AND+SIGNATURA_A=2009%26R%3DN\" target=\"_blank\">&#8211; vegeu text<\/a><\/p>\n<li>Resoluci\u00f3 de 6 de juliol de 2009, de la presidenta de la Junta Qualificadora de Coneixements de Valenci\u00e0, per la qual es fan p\u00fabliques les llistes de resultats provisionals de la prova de grau mitj\u00e0 de coneixements de valenci\u00e0 i de capacitaci\u00f3 t\u00e8cnica: llenguatge als mitjans de comunicaci\u00f3. [2009\/8275] (<span class=\"versaleta\"><em>docv<\/em><\/span> n\u00fam. 6.056, de 14.07.2009)<br \/>\n<a href=\"http:\/\/www.pre.gva.es\/L\/BASIS\/BDLGVPU\/WEB\/LEV_LISTADOS_TEXTO\/DDW?W%3DSIGNATURA_N=8249+AND+SIGNATURA_A=2009%26R%3DN\" target=\"_blank\">&#8211; vegeu text<\/a>\n<\/ul>\n<\/blockquote>\n","protected":false},"excerpt":{"rendered":"<p>El cidaj ens envia la informaci\u00f3 seg\u00fcent: Resoluci\u00f3 d&#8217;1 de juliol de 2009, de la secret\u00e0ria auton\u00f2mica d&#8217;Educaci\u00f3 per la qual es concedixen ajudes econ\u00f2miques destinades a ajuntaments i mancomunitats de municipis que realitzen activitats de promoci\u00f3 de l&#8217;\u00fas del valenci\u00e0 durant l&#8217;any 2009. [2009\/8209] (docv n\u00fam. 6.055, de 13.07.2009) &#8211; vegeu text Resoluci\u00f3 de [&hellip;]<\/p>\n","protected":false},"author":2,"featured_media":0,"comment_status":"open","ping_status":"open","sticky":false,"template":"","format":"standard","meta":{"footnotes":""},"categories":[10,1,13,28],"tags":[51],"class_list":["post-1187","post","type-post","status-publish","format-standard","hentry","category-formacio","category-general","category-jqcv","category-subvencions","tag-ajudes"],"_links":{"self":[{"href":"https:\/\/www.cdlpv.org\/dtl\/wp-json\/wp\/v2\/posts\/1187","targetHints":{"allow":["GET"]}}],"collection":[{"href":"https:\/\/www.cdlpv.org\/dtl\/wp-json\/wp\/v2\/posts"}],"about":[{"href":"https:\/\/www.cdlpv.org\/dtl\/wp-json\/wp\/v2\/types\/post"}],"author":[{"embeddable":true,"href":"https:\/\/www.cdlpv.org\/dtl\/wp-json\/wp\/v2\/users\/2"}],"replies":[{"embeddable":true,"href":"https:\/\/www.cdlpv.org\/dtl\/wp-json\/wp\/v2\/comments?post=1187"}],"version-history":[{"count":0,"href":"https:\/\/www.cdlpv.org\/dtl\/wp-json\/wp\/v2\/posts\/1187\/revisions"}],"wp:attachment":[{"href":"https:\/\/www.cdlpv.org\/dtl\/wp-json\/wp\/v2\/media?parent=1187"}],"wp:term":[{"taxonomy":"category","embeddable":true,"href":"https:\/\/www.cdlpv.org\/dtl\/wp-json\/wp\/v2\/categories?post=1187"},{"taxonomy":"post_tag","embeddable":true,"href":"https:\/\/www.cdlpv.org\/dtl\/wp-json\/wp\/v2\/tags?post=1187"}],"curies":[{"name":"wp","href":"https:\/\/api.w.org\/{rel}","templated":true}]}}