{"id":1180,"date":"2009-07-14T12:09:41","date_gmt":"2009-07-14T11:09:41","guid":{"rendered":"http:\/\/www.cdlpv.org\/dtl\/?p=1180"},"modified":"2009-07-14T12:09:41","modified_gmt":"2009-07-14T11:09:41","slug":"la-selectivitat-en-catala-a-les-balears","status":"publish","type":"post","link":"https:\/\/www.cdlpv.org\/dtl\/2009\/07\/14\/la-selectivitat-en-catala-a-les-balears\/","title":{"rendered":"La selectivitat en catal\u00e0 a les Balears"},"content":{"rendered":"<p>Miquel Adrover ens fa arribar a trav\u00e9s de la llista Migjorn l&#8217;enlla\u00e7 amb una not\u00edcia del <em>dBalears.cat<\/em> <a href=\"http:\/\/dbalears.cat\/actualitat\/Balears\/un-77-2-dels-examens-de-la-selectivitat-es-contesten-en-catala.html\" target=\"_blank\">(13.07.2009)<\/a>:<\/p>\n<blockquote>\n<h2>Un 77,2&nbsp;% dels ex\u00e0mens de la Selectivitat es contesten en catal\u00e0<\/h2>\n<h3>La xifra es va calcular per primera vegada el 1992 i aquesta era del 26,9&nbsp;%. Des de llavors no s\u2019ha aturat d\u2019augmentar i des del 2008 ja s\u00f3n m\u00e9s de 3\/4. Calvi\u00e0 \u00e9s l\u2019\u00fanic municipi que no arriba al 60&nbsp;%<\/h3>\n[&#8230;]\n<p>Aquestes dades les recull des de 1992 el <a href=\"http:\/\/www.uib.es\/depart\/dfc\/gresib\/\" target=\"_blank\">Grup de Recerca Socioling\u00fc\u00edstica de les Illes Balears<\/a>, que es dedica, entre d&#8217;altres coses, a investigar la situaci\u00f3 socioling\u00fc\u00edstica de les Balears. Des d&#8217;aquell any, quan els ex\u00e0mens contestats en catal\u00e0 sumaven tan sols un 26,9&nbsp;%, la xifra no ha fet res m\u00e9s que augmentar. Un per\u00edode clau va ser el del 2000 al 2001, quan es va passar del 43,7&nbsp;% al 50,7&nbsp;%. Aquest canvi supos\u00e0, per primer cop, una majoria d&#8217;ex\u00e0mens contestats en catal\u00e0. L&#8217;any seg\u00fcent, el 2002, la dada puj\u00e0 fins al 60,1&nbsp;%, fet que consolid\u00e0 la tend\u00e8ncia i va mostrar que no era nom\u00e9s un canvi temporal.<\/p>\n[&#8230;]\n<\/p><\/blockquote>\n","protected":false},"excerpt":{"rendered":"<p>Miquel Adrover ens fa arribar a trav\u00e9s de la llista Migjorn l&#8217;enlla\u00e7 amb una not\u00edcia del dBalears.cat (13.07.2009): Un 77,2&nbsp;% dels ex\u00e0mens de la Selectivitat es contesten en catal\u00e0 La xifra es va calcular per primera vegada el 1992 i aquesta era del 26,9&nbsp;%. Des de llavors no s\u2019ha aturat d\u2019augmentar i des del 2008 [&hellip;]<\/p>\n","protected":false},"author":2,"featured_media":0,"comment_status":"open","ping_status":"open","sticky":false,"template":"","format":"standard","meta":{"footnotes":""},"categories":[10,1,27],"tags":[240],"class_list":["post-1180","post","type-post","status-publish","format-standard","hentry","category-formacio","category-general","category-sociolinguistica","tag-illes-balears"],"_links":{"self":[{"href":"https:\/\/www.cdlpv.org\/dtl\/wp-json\/wp\/v2\/posts\/1180","targetHints":{"allow":["GET"]}}],"collection":[{"href":"https:\/\/www.cdlpv.org\/dtl\/wp-json\/wp\/v2\/posts"}],"about":[{"href":"https:\/\/www.cdlpv.org\/dtl\/wp-json\/wp\/v2\/types\/post"}],"author":[{"embeddable":true,"href":"https:\/\/www.cdlpv.org\/dtl\/wp-json\/wp\/v2\/users\/2"}],"replies":[{"embeddable":true,"href":"https:\/\/www.cdlpv.org\/dtl\/wp-json\/wp\/v2\/comments?post=1180"}],"version-history":[{"count":0,"href":"https:\/\/www.cdlpv.org\/dtl\/wp-json\/wp\/v2\/posts\/1180\/revisions"}],"wp:attachment":[{"href":"https:\/\/www.cdlpv.org\/dtl\/wp-json\/wp\/v2\/media?parent=1180"}],"wp:term":[{"taxonomy":"category","embeddable":true,"href":"https:\/\/www.cdlpv.org\/dtl\/wp-json\/wp\/v2\/categories?post=1180"},{"taxonomy":"post_tag","embeddable":true,"href":"https:\/\/www.cdlpv.org\/dtl\/wp-json\/wp\/v2\/tags?post=1180"}],"curies":[{"name":"wp","href":"https:\/\/api.w.org\/{rel}","templated":true}]}}