{"id":118,"date":"2007-07-02T20:43:02","date_gmt":"2007-07-02T19:43:02","guid":{"rendered":"http:\/\/www.cdlpv.org\/dtl\/?p=118"},"modified":"2007-07-02T20:43:02","modified_gmt":"2007-07-02T19:43:02","slug":"els-academics-ens-volen-impulsar","status":"publish","type":"post","link":"https:\/\/www.cdlpv.org\/dtl\/2007\/07\/02\/els-academics-ens-volen-impulsar\/","title":{"rendered":"\u00bfEls acad\u00e8mics ens volen impulsar?"},"content":{"rendered":"<p>Diu ara l&#8217;AVL que cal un nou impuls per a l&#8217;\u00fas del valenci\u00e0. I s&#8217;oferixen a la societat valenciana a participar activament en este proc\u00e9s. Doncs, benvinguda siga la iniciativa. Potser podrien comen\u00e7ar per fer que les Corts, que han segut capaces de gestionar un nou carnet d&#8217;identificaci\u00f3 en catal\u00e0, fa\u00e7a les gestions a fi que el web permeta predeterminar l&#8217;idioma amb l&#8217;opci\u00f3 del navegador, sense que ens envie per defecte a la p\u00e0gina en espanyol (i sense que hajam de passar cada vegada pel Flash inicial i la tria idiom\u00e0tica). Vaja, bufar i fer ampolles per a la nova presidenta, si li ho suggerix l&#8217;AVL.<\/p>\n<p>Una altra: \u00bfper qu\u00e8 els serveis d&#8217;atenci\u00f3 al client del 902 01 22 20 d&#8217;Orange &mdash;per dir un nom i un n\u00famero&mdash; no ens entenen en catal\u00e0? En tota la sala nom\u00e9s el xic que recollia les queixes (opci\u00f3 5) f\u00e9u l&#8217;esfor\u00e7 d&#8217;entendre&#8217;ns, i ho aconsegu\u00ed, tal com ensenya Til Stegmann, que parlant mexic\u00e0, el meu valenci\u00e0 fou un joc de cries. La resta de telefonistes, en canvi, van ser incapaces de tindre l&#8217;obertura mental suficient i fins i tot una ens va penjar el tel\u00e8fon. Estic d&#8217;acord amb elles: els coneixements idiom\u00e0tics es paguen.<\/p>\n<p>Finalment, fins i tot faria un gran impuls si tots els acad\u00e8mics reclamaren els rebuts dels seus ajuntaments en valenci\u00e0. Naturalment, que ho feren p\u00fablicament, que sempre faria molt m\u00e9s impuls. Pel que sabem, n&#8217;hi ha uns quants que viuen a Val\u00e8ncia; pel que sabem, a nosaltres &mdash;despr\u00e9s d&#8217;unes quantes queixes&mdash; ens els envien en espanyol a la b\u00fastia de casa, per\u00f2 abans que pugam badar boca de nou, ens els envien en catal\u00e0 per correu certificat, que hem d&#8217;anar a arreplegar a Correus. No \u00e9s gens \u00e8tic, per\u00f2 s\u00f3n aixina en l&#8217;ajuntament de Val\u00e8ncia, no volen que ens apoltronem, volen que ens impulsem&#8230;<\/p>\n<p>B\u00e9, entre tots ho impulsarem tot. Deixem const\u00e0ncia ja de la not\u00edcia tal com la public\u00e0 Vilaweb (29.06.2007):<\/p>\n<blockquote>\n<h2>L&#8217;AVL insta les institucions a aplicar &#8220;actuacions urgents&#8221; a favor del valenci\u00e0 i a impulsar un &#8220;pacte c\u00edvic&#8221;<\/h2>\n<h5>VAL\u00c8NCIA, 29.06.2007 (EUROPA PRESS)<\/h5>\n<p>L&#8217;Acad\u00e8mia Valenciana de la Llengua (AVL) ha aprovat en la seua sessi\u00f3 plen\u00e0ria de hui una declaraci\u00f3 institucional en qu\u00e8, entre d&#8217;altres q\u00fcestions, insta &#8220;els poders p\u00fablics que tinguen com un dels seus objectius primordials fomentar l&#8217;\u00fas i l&#8217;ensenyament del valenci\u00e0 en tots els \u00e0mbits per a garantir-ne l&#8217;oficialitat efectiva&#8221; per a la qual cosa destaca la &#8220;necessitat d&#8217;aplicar actuacions urgents&#8221;. Alhora, l&#8217;ens normatiu considera que la Generalitat &#8220;hauria de propiciar un ampli pacte c\u00edvic per al foment del valenci\u00e0&#8221;.<\/p>\n<p>El document, que est\u00e0 dirigit a les Corts, al Consell, a les diputacions provincials i als ajuntaments de la Comunitat Valenciana i que es remetr\u00e0 a tots ells, porta el lema de &#8220;Cal un nou impuls per a fomentar l&#8217;\u00fas del valenci\u00e0&#8221;. En el text, l&#8217;AVL assenyala que amb la constituci\u00f3 de la Generalitat i l&#8217;Administraci\u00f3 local despr\u00e9s dels \u00faltims comicis del 27 de maig, s&#8217;obri un &#8220;nou per\u00edode legislatiu que comen\u00e7a poc despr\u00e9s de l&#8217;aprovaci\u00f3 de l&#8217;Estatut d&#8217;Autonomia, el qual, com a norma institucional b\u00e0sica de la Comunitat Valenciana, establix que &#8220;La llengua pr\u00f2pia de la Comunitat Valenciana \u00e9s el valenci\u00e0&#8221; i atorga car\u00e0cter estatutari i normatiu a l&#8217;AVL&#8221;, recorda.<\/p>\n<p>Estes disposicions estatut\u00e0ries &#8220;exigixen ineludiblement que les Corts o el Consell aproven i apliquen noves iniciatives legislatives que reforcen una pol\u00edtica ling\u00fc\u00edstica que garantisca l&#8217;\u00fas normal del valenci\u00e0&#8221;, assenyala la declaraci\u00f3.<\/p>\n<p>A m\u00e9s, recalca que &#8220;totes les administracions p\u00fabliques hauran de prendre en consideraci\u00f3 els dict\u00e0mens o informes que, respecte a la situaci\u00f3 socioling\u00fc\u00edstica actual del valenci\u00e0, han elaborat \u00faltimament diferents institucions&#8221;.<\/p>\n<p>&#8220;Estos informes -prosseguixen els acad\u00e8mics- destaquen la p\u00e8rdua de vitalitat del valenci\u00e0 i plantegen la necessitat d&#8217;aplicar actuacions urgents&#8221;. En este sentit, &#8220;cal assenyalar que encara no s&#8217;han aplicat algunes disposicions de la Llei d&#8217;\u00fas i Ensenyament del Valenci\u00e0, el 25 aniversari de la qual es commemorar\u00e0 el 2008&#8221;.<\/p>\n<p>En el mateix sentit, l&#8217;AVL considera &#8220;que \u00e9s de gran rellev\u00e0ncia pol\u00edtica el document &#8220;Pacte pel valenci\u00e0. Acords per a la promoci\u00f3 del valenci\u00e0&#8221;, signat pels grups majoritaris de les Corts Valencianes el 14 de juliol del 2001; tamb\u00e9 en la Declaraci\u00f3 de l&#8217;AVL de 23 de juliol del 2003, aprovada a prop\u00f2sit de les eleccions auton\u00f2miques i municipals del 25 de maig del 2003, on s&#8217;indicava que calia fer efectius, urgentment, alguns dels compromisos de l&#8217;esmentat pacte i que calia fer-ho &#8220;amb el major consens possible durant el nou per\u00edode de quatre anys que ara comencen les institucions valencianes&#8221;. &#8220;Ara, quatre anys despr\u00e9s, en aprovar esta declaraci\u00f3, no fem sin\u00f3 reiterar la mateixa manifestaci\u00f3&#8221;, apunten.<\/p>\n<p>DRETS LING\u00dc\u00cdSTICS<\/p>\n<p>Per a l&#8217;AVL, la Generalitat &#8220;hauria de propiciar que les institucions valencianes i les organitzacions pol\u00edtiques, sindicals i ciutadanes, formalitzen un ampli pacte c\u00edvic pel foment del valenci\u00e0, encoratjant a la societat valenciana a aprofundir en els drets ling\u00fc\u00edstics i a renovar el comprom\u00eds per a promoure l&#8217;\u00fas del valenci\u00e0 en tots els \u00e0mbits socials&#8221;.<\/p>\n<p>Al respecte, \u00e9s &#8220;desitjable que es produ\u00efsca una converg\u00e8ncia solid\u00e0ria entre les institucions valencianes, les associacions c\u00edviques i els grups implicats en el foment del valenci\u00e0, a fi de coordinar mesures pragm\u00e0tiques i positives en favor del seu \u00fas normal&#8221;. L&#8217;Acad\u00e8mia Valenciana de la Llengua &#8220;s&#8217;oferix a tota la societat valenciana a participar activament en este proc\u00e9s&#8221;, conclou la declaraci\u00f3\n<\/p><\/blockquote>\n","protected":false},"excerpt":{"rendered":"<p>Diu ara l&#8217;AVL que cal un nou impuls per a l&#8217;\u00fas del valenci\u00e0. I s&#8217;oferixen a la societat valenciana a participar activament en este proc\u00e9s. Doncs, benvinguda siga la iniciativa. Potser podrien comen\u00e7ar per fer que les Corts, que han segut capaces de gestionar un nou carnet d&#8217;identificaci\u00f3 en catal\u00e0, fa\u00e7a les gestions a fi [&hellip;]<\/p>\n","protected":false},"author":2,"featured_media":0,"comment_status":"open","ping_status":"open","sticky":false,"template":"","format":"standard","meta":{"footnotes":""},"categories":[38,1,47,19,24],"tags":[],"class_list":["post-118","post","type-post","status-publish","format-standard","hentry","category-avl","category-general","category-planificacio","category-politica","category-requisit-linguistic"],"_links":{"self":[{"href":"https:\/\/www.cdlpv.org\/dtl\/wp-json\/wp\/v2\/posts\/118","targetHints":{"allow":["GET"]}}],"collection":[{"href":"https:\/\/www.cdlpv.org\/dtl\/wp-json\/wp\/v2\/posts"}],"about":[{"href":"https:\/\/www.cdlpv.org\/dtl\/wp-json\/wp\/v2\/types\/post"}],"author":[{"embeddable":true,"href":"https:\/\/www.cdlpv.org\/dtl\/wp-json\/wp\/v2\/users\/2"}],"replies":[{"embeddable":true,"href":"https:\/\/www.cdlpv.org\/dtl\/wp-json\/wp\/v2\/comments?post=118"}],"version-history":[{"count":0,"href":"https:\/\/www.cdlpv.org\/dtl\/wp-json\/wp\/v2\/posts\/118\/revisions"}],"wp:attachment":[{"href":"https:\/\/www.cdlpv.org\/dtl\/wp-json\/wp\/v2\/media?parent=118"}],"wp:term":[{"taxonomy":"category","embeddable":true,"href":"https:\/\/www.cdlpv.org\/dtl\/wp-json\/wp\/v2\/categories?post=118"},{"taxonomy":"post_tag","embeddable":true,"href":"https:\/\/www.cdlpv.org\/dtl\/wp-json\/wp\/v2\/tags?post=118"}],"curies":[{"name":"wp","href":"https:\/\/api.w.org\/{rel}","templated":true}]}}