{"id":1175,"date":"2009-07-13T11:51:07","date_gmt":"2009-07-13T10:51:07","guid":{"rendered":"http:\/\/www.cdlpv.org\/dtl\/?p=1175"},"modified":"2009-07-13T11:51:07","modified_gmt":"2009-07-13T10:51:07","slug":"fa-cinquanta-anys-de-tantes-coses","status":"publish","type":"post","link":"https:\/\/www.cdlpv.org\/dtl\/2009\/07\/13\/fa-cinquanta-anys-de-tantes-coses\/","title":{"rendered":"Fa cinquanta anys de tantes coses&#8230;"},"content":{"rendered":"<p><a href=\"http:\/\/vpamies.blogspot.com\/2009\/07\/apunts-ribians-en-un-grapat-de-blogs.html\" target=\"_blank\">V\u00edctor P\u00e0mies<\/a> ens enviava el dia <a href=\"http:\/\/www.cdlpv.org\/dtl\/?p=1160#comments\" target=\"_blank\">06.07.2009<\/a> esta \u00abpetita endevinalla\u00bb:<\/p>\n<blockquote><p>\nConeixeu algun prohom catal\u00e0, escriptor, traductor, poeta, cr\u00edtic, memorialista, professor, que va dirigir la Fundaci\u00f3 Bernat Metge, que va dirigir tamb\u00e9 l\u2019Institut d\u2019Estudis Catalans, vicepresident de la Instituci\u00f3 de les Lletres Catalanes, professor de la Universitat Aut\u00f2noma de Barcelona i que el pr\u00f2xim 12 de juliol far\u00e0 50 anys que va morir?<\/p>\n<p>M\u00e9s pistes? Va escriure:<\/p>\n<blockquote><p>\n\u00bfD\u2019on venim, que no fos tornada? | Com una absurda enamorada, | la vida ens fa plorar el passat. | \u00bfOn tornem, que no fos naixen\u00e7a? | Vivim de mort, i no ens \u00e9s grat; | morim d\u2019amor, i no s\u2019hi pensa.\n<\/p><\/blockquote>\n<p>Va \u00faltima pista: segur que si cerqueu a Google trobareu \u00abmoooooooltes\u00bb not\u00edcies sobre aquesta efem\u00e8ride inexcusable. O no? Permetrem un oblit tan ignomini\u00f3s?\n<\/p><\/blockquote>\n<p>No s\u00e9 si \u00e9s oblit o exc\u00e9s de commemoracions fant\u00e0stiques, per\u00f2 ac\u00ed teniu un enlla\u00e7 del diari <a href=\"http:\/\/www.avui.cat\/cat\/cercar.php?mostrar=true&#038;text=Carles+Riba&#038;publicacio=publicacions&#038;dia_desde=&#038;dia_fins=&#038;metode=LITERAL&#038;ordenat=DataDES&#038;cercar_cii167=Buscar\" target=\"_blank\"><em>Avui<\/em><\/a> amb refer\u00e8ncies a l&#8217;autor.<\/p>\n","protected":false},"excerpt":{"rendered":"<p>V\u00edctor P\u00e0mies ens enviava el dia 06.07.2009 esta \u00abpetita endevinalla\u00bb: Coneixeu algun prohom catal\u00e0, escriptor, traductor, poeta, cr\u00edtic, memorialista, professor, que va dirigir la Fundaci\u00f3 Bernat Metge, que va dirigir tamb\u00e9 l\u2019Institut d\u2019Estudis Catalans, vicepresident de la Instituci\u00f3 de les Lletres Catalanes, professor de la Universitat Aut\u00f2noma de Barcelona i que el pr\u00f2xim 12 de [&hellip;]<\/p>\n","protected":false},"author":2,"featured_media":0,"comment_status":"closed","ping_status":"closed","sticky":false,"template":"","format":"standard","meta":{"footnotes":""},"categories":[10,1],"tags":[279],"class_list":["post-1175","post","type-post","status-publish","format-standard","hentry","category-formacio","category-general","tag-literatura"],"_links":{"self":[{"href":"https:\/\/www.cdlpv.org\/dtl\/wp-json\/wp\/v2\/posts\/1175","targetHints":{"allow":["GET"]}}],"collection":[{"href":"https:\/\/www.cdlpv.org\/dtl\/wp-json\/wp\/v2\/posts"}],"about":[{"href":"https:\/\/www.cdlpv.org\/dtl\/wp-json\/wp\/v2\/types\/post"}],"author":[{"embeddable":true,"href":"https:\/\/www.cdlpv.org\/dtl\/wp-json\/wp\/v2\/users\/2"}],"replies":[{"embeddable":true,"href":"https:\/\/www.cdlpv.org\/dtl\/wp-json\/wp\/v2\/comments?post=1175"}],"version-history":[{"count":0,"href":"https:\/\/www.cdlpv.org\/dtl\/wp-json\/wp\/v2\/posts\/1175\/revisions"}],"wp:attachment":[{"href":"https:\/\/www.cdlpv.org\/dtl\/wp-json\/wp\/v2\/media?parent=1175"}],"wp:term":[{"taxonomy":"category","embeddable":true,"href":"https:\/\/www.cdlpv.org\/dtl\/wp-json\/wp\/v2\/categories?post=1175"},{"taxonomy":"post_tag","embeddable":true,"href":"https:\/\/www.cdlpv.org\/dtl\/wp-json\/wp\/v2\/tags?post=1175"}],"curies":[{"name":"wp","href":"https:\/\/api.w.org\/{rel}","templated":true}]}}