{"id":1173,"date":"2009-07-13T11:21:56","date_gmt":"2009-07-13T10:21:56","guid":{"rendered":"http:\/\/www.cdlpv.org\/dtl\/?p=1173"},"modified":"2009-07-13T11:21:56","modified_gmt":"2009-07-13T10:21:56","slug":"de-qui-es-la-llengua","status":"publish","type":"post","link":"https:\/\/www.cdlpv.org\/dtl\/2009\/07\/13\/de-qui-es-la-llengua\/","title":{"rendered":"\u00bfDe qui \u00e9s la llengua?"},"content":{"rendered":"<p>Sembla que Agust\u00edn Garc\u00eda Calvo va escriure un article en el diari El Pa\u00eds d&#8217;ahir <a href=\"http:\/\/www.elpais.com\/articulo\/opinion\/Leyendo\/elpepiopi\/20090712elpepiopi_4\/Tes\" target=\"_blank\">(12.07.2009)<\/a> a fi que els t\u00e8cnics ling\u00fc\u00edstics recordem el fons de la faena a qu\u00e8 ens dediquem. Una mostra:<\/p>\n<blockquote><p>\nPer a intentar que no es continue confonent la llengua amb l&#8217;escriptura: la llengua (recorda-ho, lector) no \u00e9s de ning\u00fa, i li se d\u00f3na a qualsevol sense distinci\u00f3 de classe o sexe, el sol invent que no es ven, gratu\u00eft m\u00e9s que l&#8217;aigua o que l&#8217;aire: l&#8217;escriptura, en canvi, t\u00e9 amo: \u00e9s dels senyors, dels sacerdots i, sota el r\u00e8gim democr\u00e0tic, de tot el qui en l&#8217;escola l&#8217;haja adquirida, sabent que val molt i que nom\u00e9s amb ella pot moure&#8217;s en aquest m\u00f3n i guanyar llocs en l&#8217;escala de la societat; com que escriptura \u00e9s la cultura, i en ella est\u00e0 el comen\u00e7ament mateix de la hist\u00f2ria: del que hi havia abans, de quan hi hauria per ah\u00ed parlant gent, sense petjada i registre escrit, no se&#8217;n sap res.\n<\/p><\/blockquote>\n","protected":false},"excerpt":{"rendered":"<p>Sembla que Agust\u00edn Garc\u00eda Calvo va escriure un article en el diari El Pa\u00eds d&#8217;ahir (12.07.2009) a fi que els t\u00e8cnics ling\u00fc\u00edstics recordem el fons de la faena a qu\u00e8 ens dediquem. Una mostra: Per a intentar que no es continue confonent la llengua amb l&#8217;escriptura: la llengua (recorda-ho, lector) no \u00e9s de ning\u00fa, i [&hellip;]<\/p>\n","protected":false},"author":2,"featured_media":0,"comment_status":"open","ping_status":"open","sticky":false,"template":"","format":"standard","meta":{"footnotes":""},"categories":[4,1,27],"tags":[64],"class_list":["post-1173","post","type-post","status-publish","format-standard","hentry","category-dret","category-general","category-sociolinguistica","tag-articles"],"_links":{"self":[{"href":"https:\/\/www.cdlpv.org\/dtl\/wp-json\/wp\/v2\/posts\/1173","targetHints":{"allow":["GET"]}}],"collection":[{"href":"https:\/\/www.cdlpv.org\/dtl\/wp-json\/wp\/v2\/posts"}],"about":[{"href":"https:\/\/www.cdlpv.org\/dtl\/wp-json\/wp\/v2\/types\/post"}],"author":[{"embeddable":true,"href":"https:\/\/www.cdlpv.org\/dtl\/wp-json\/wp\/v2\/users\/2"}],"replies":[{"embeddable":true,"href":"https:\/\/www.cdlpv.org\/dtl\/wp-json\/wp\/v2\/comments?post=1173"}],"version-history":[{"count":0,"href":"https:\/\/www.cdlpv.org\/dtl\/wp-json\/wp\/v2\/posts\/1173\/revisions"}],"wp:attachment":[{"href":"https:\/\/www.cdlpv.org\/dtl\/wp-json\/wp\/v2\/media?parent=1173"}],"wp:term":[{"taxonomy":"category","embeddable":true,"href":"https:\/\/www.cdlpv.org\/dtl\/wp-json\/wp\/v2\/categories?post=1173"},{"taxonomy":"post_tag","embeddable":true,"href":"https:\/\/www.cdlpv.org\/dtl\/wp-json\/wp\/v2\/tags?post=1173"}],"curies":[{"name":"wp","href":"https:\/\/api.w.org\/{rel}","templated":true}]}}