{"id":1170,"date":"2009-07-09T13:36:29","date_gmt":"2009-07-09T12:36:29","guid":{"rendered":"http:\/\/www.cdlpv.org\/dtl\/?p=1170"},"modified":"2009-07-09T13:36:29","modified_gmt":"2009-07-09T12:36:29","slug":"lelemental-de-la-jqcv-i-beques-del-pla-eva","status":"publish","type":"post","link":"https:\/\/www.cdlpv.org\/dtl\/2009\/07\/09\/lelemental-de-la-jqcv-i-beques-del-pla-eva\/","title":{"rendered":"L&#8217;elemental de la JQCV i beques del pla EVA"},"content":{"rendered":"<p>El <span class=\"versaleta\">cidaj<\/span> ens envia la informaci\u00f3 seg\u00fcent:<\/p>\n<blockquote>\n<ul>\n<li>Resoluci\u00f3 de 26 de juny de 2009, de la presidenta de la Junta Qualificadora de Coneixements de Valenci\u00e0, per la qual es fa p\u00fablica la llista de resultats provisionals de la prova de grau elemental de coneixements de valenci\u00e0. [2009\/7879] (<span class=\"versaleta\"><em>docv<\/em><\/span> n\u00fam. 6.051, de 07.07.2009)<br \/>\n<a href=\"http:\/\/www.pre.gva.es\/L\/BASIS\/BDLGVPU\/WEB\/LEV_LISTADOS_TEXTO\/DDW?W%3DSIGNATURA_N=7971+AND+SIGNATURA_A=2009%26R%3DN\" target=\"_blank\">&#8211; vegeu text<\/a><\/p>\n<li>Resoluci\u00f3 de 26 de juny de 2009, de la secret\u00e0ria auton\u00f2mica d&#8217;Educaci\u00f3, per la qual es concedixen beques per a la realitzaci\u00f3 de treballs d&#8217;investigaci\u00f3 dins del Pla d&#8217;Estudis del Valenci\u00e0 Actual 2009. [2009\/7880] (<span class=\"versaleta\"><em>docv<\/em><\/span> n\u00fam. 6.051, de 07.07.2009)<br \/>\n<a href=\"http:\/\/www.pre.gva.es\/L\/BASIS\/BDLGVPU\/WEB\/LEV_LISTADOS_TEXTO\/DDW?W%3DSIGNATURA_N=7961+AND+SIGNATURA_A=2009%26R%3DN\" target=\"_blank\">&#8211; vegeu text<\/a>\n<\/ul>\n<\/blockquote>\n<p>Pel que fa a les beques del pla EVA:<\/p>\n<blockquote><p>\n<strong>Beques concedides:<\/strong><\/p>\n<ul>\n<li>1. Projecte: Consonants i vocals. Dotaci\u00f3: 2.200,00. Autor: Llu\u00eds Forn\u00e9s P\u00e9rez<\/li>\n<li>2. Projecte: \u00d2peres franceses i alemanyes: traducci\u00f3 al valenci\u00e0. Dotaci\u00f3: 4.500,00. Autora: Cristina Ratfisch Siffermann<\/li>\n<li>3. Projecte: Tractament lexicogr\u00e0fic biling\u00fce del vocabulari b\u00e0sic franc\u00e9s i valenci\u00e0. Dotaci\u00f3: 4.700,00. Autora: M. Ascensi\u00f3n Sierra Soriano<\/li>\n<li>4. Projecte: Disseny de recursos hiperm\u00e8dia per a l&#8217;ensenyament-aprenentatge de la llengua. Dotaci\u00f3: 2.000,00. Autora: Maria Josepa Ll\u00e0cer Vidal<\/li>\n<li>5. Projecte: Elaboraci\u00f3 de materials d&#8217;ensenyament-aprenentatge del valenci\u00e0 mitjan\u00e7ant les TIC. Dotaci\u00f3: 4.700,00. Autor: Joan Enric Pellicer Borr\u00e0s<\/li>\n<li>6. Projecte: Relats interculturals. Dotaci\u00f3: 3.900,00. Autors: Maria Pilar Dom\u00e9nech Rodr\u00edguez, <\/li>\n<li>Josep Llu\u00eds Dom\u00e9nech Zornoza, Jes\u00fas Huguet Enguita.<\/li>\n<li>7. Projecte: Aplicaci\u00f3 inform\u00e0tica per a la preparaci\u00f3 de les proves de la JQCV. Dotaci\u00f3: 5.000,00. Autor: Vicent Grau Mart\u00ednez<\/li>\n<li>8. Projecte: Elaboraci\u00f3 de materials per a l&#8217;aprenentatge del valenci\u00e0 dirigit a immigrants \u00e0rabs i romanesos (3\u00aa part). Dotaci\u00f3: 4.700,00. Autores: Sara Ribes Rosa, Virg\u00ednia Mart\u00ednez Calvo.<\/li>\n<li>9. Projecte: Materials per a l&#8217;explotaci\u00f3 did\u00e0ctica del format audiovisual per a l&#8217;aprenentatge en xarxa del valenci\u00e0. Dotaci\u00f3: 6.400,00. Autors: Josep Sendra Chesa, Maria Teresa Bosc\u00e0 Lloret, Josep Joan Fuster Mu\u00f1oz, Esteve Juan Ramon.<\/li>\n<li>10. Projecte: INTER-VAL v2. Dotaci\u00f3: 3.400,00. Autors: Jorge Javier Ba\u00f1o Burgos, M Vict\u00f2ria Ferre Hern\u00e1ndez<\/li>\n<li>11. Projecte: Noves tecnologies i aprenentatge del valenci\u00e0. Dotaci\u00f3: 2.000,00. Autors: Juan Carlos Tordera Illescas, Mar\u00eda Estelles Arguedas<\/li>\n<li>12. Projecte: Guia de conversa xin\u00e9s-valenci\u00e0. Dotaci\u00f3: 3.200,00. Autor: Agust\u00ed Domingo Baixauli<\/li>\n<li>13. Projecte: Estudi contrastiu de paraules de Bernat i Baldov\u00ed. Dotaci\u00f3: 2.000,00. Autor: Abelard Saragoss\u00e0 Alba<\/li>\n<li>14. Projecte: Traducci\u00f3 al valenci\u00e0 de tres \u00f2peres italianes. Dotaci\u00f3: 2.800,00. Autora: N\u00faria Costa Jim\u00e9nez<\/li>\n<li>15. Projecte: Projecte d&#8217;investigaci\u00f3 sobre estudis ling\u00fc\u00edstics i lexicogr\u00e0fics contrastius, amb metodologia prospectiva, entre valenci\u00e0 i castell\u00e0. Dotaci\u00f3: 3.000,00. Autors: Adoraci\u00f3n Ferreres Traver, Marc Antoni Adell Cueva, Yolanda Estreder Ort\u00ed<\/li>\n<li>16. Projecte: Yusuf Idris i la seua obra teatral \u00abal-Farafir\u00bb (Els Fantotxes). Dotaci\u00f3: 2.000,00. Autor: Hany El Erian El Bassal<\/li>\n<li>17. Projecte: Vocabulari de mitjans de comunicaci\u00f3 i annexos complementaris. Dotaci\u00f3: 1.600,00. Autors: Jordi Gim\u00e9nez Ferrer, Jesus Leonardo Gim\u00e9nez Gim\u00e9nez<\/li>\n<li>18. Projecte: Web de material audiovisual de suport a l&#8217;aprenentatge en\/del valenci\u00e0. Dotaci\u00f3: 2.900,00. Autor: Francesc Fenollosa Ten<\/li>\n<li>19. Projecte: Musiquem la llengua. Guia de termes musicals: valenci\u00e0 \/ lleng\u00fces cooficials de l&#8217;estat espanyol. Dotaci\u00f3: 3.200,00. Autors: Faust\u00ed Giner Cerv\u00e0, Juan Jos\u00e9 Giner Cerv\u00e0<\/li>\n<li>20. Projecte: Diccionari forestal multiling\u00fce. Dotaci\u00f3: 3.600,00. Autors: Adriana Gil Puig, Rafael Delgado Art\u00e9s, Vicente Garc\u00eda Mart\u00ednez<\/li>\n<li>21. Projecte: Antologia del Maznavi de Jalal ud-Din Rumi (El plaer d&#8217;escoltar i la saviesa persa). Dotaci\u00f3: 2.000,00. Autor: Jose Francisco Cutillas Ferrer<\/li>\n<\/ul>\n<p><strong>Treballs exclosos per causes diverses:<\/strong><\/p>\n<ul>\n<li>Projecte: Estudi terminol\u00f2gic. Diccionari especialitat de les assegurances. Estudi fon\u00e8tic valenci\u00e0 i castell\u00e0. Autora: Beatriu Sales Olmos<\/li>\n<li>Projecte: Estudi lexicogr\u00e0fic contrastiu del diccionari del Salt i la 2\u00aa ed. del DIEC. Autora: Of\u00e8lia Sanmart\u00edn Bono<\/li>\n<li>Projecte: El rebost. Recursos educatius per a l&#8217;aprenentatge del valenci\u00e0 actual. Autors: Margarida Castellano Sanz, Ra\u00fcl Hurtado Vendrell<\/li>\n<li>Projecte: A, B, C&#8230; Autora: Laura Peris P\u00e9rez<\/li>\n<li>Projecte: L&#8217;ensenyament de la literatura a trav\u00e9s dels llibres de text de BUP, Secund\u00e0ria i Batxillerat (1983-2008). Autor: Pa\u00fcl Limorti Pay\u00e0<\/li>\n<li>Projecte: Com sona el valenci\u00e0. Autor: Francesc Fenollosa Ten<\/li>\n<\/ul>\n<\/blockquote>\n","protected":false},"excerpt":{"rendered":"<p>El cidaj ens envia la informaci\u00f3 seg\u00fcent: Resoluci\u00f3 de 26 de juny de 2009, de la presidenta de la Junta Qualificadora de Coneixements de Valenci\u00e0, per la qual es fa p\u00fablica la llista de resultats provisionals de la prova de grau elemental de coneixements de valenci\u00e0. [2009\/7879] (docv n\u00fam. 6.051, de 07.07.2009) &#8211; vegeu text [&hellip;]<\/p>\n","protected":false},"author":2,"featured_media":0,"comment_status":"open","ping_status":"open","sticky":false,"template":"","format":"standard","meta":{"footnotes":""},"categories":[40,1,13,22],"tags":[365,391],"class_list":["post-1170","post","type-post","status-publish","format-standard","hentry","category-beques-formacio","category-general","category-jqcv","category-recerca","tag-eva","tag-proves"],"_links":{"self":[{"href":"https:\/\/www.cdlpv.org\/dtl\/wp-json\/wp\/v2\/posts\/1170","targetHints":{"allow":["GET"]}}],"collection":[{"href":"https:\/\/www.cdlpv.org\/dtl\/wp-json\/wp\/v2\/posts"}],"about":[{"href":"https:\/\/www.cdlpv.org\/dtl\/wp-json\/wp\/v2\/types\/post"}],"author":[{"embeddable":true,"href":"https:\/\/www.cdlpv.org\/dtl\/wp-json\/wp\/v2\/users\/2"}],"replies":[{"embeddable":true,"href":"https:\/\/www.cdlpv.org\/dtl\/wp-json\/wp\/v2\/comments?post=1170"}],"version-history":[{"count":0,"href":"https:\/\/www.cdlpv.org\/dtl\/wp-json\/wp\/v2\/posts\/1170\/revisions"}],"wp:attachment":[{"href":"https:\/\/www.cdlpv.org\/dtl\/wp-json\/wp\/v2\/media?parent=1170"}],"wp:term":[{"taxonomy":"category","embeddable":true,"href":"https:\/\/www.cdlpv.org\/dtl\/wp-json\/wp\/v2\/categories?post=1170"},{"taxonomy":"post_tag","embeddable":true,"href":"https:\/\/www.cdlpv.org\/dtl\/wp-json\/wp\/v2\/tags?post=1170"}],"curies":[{"name":"wp","href":"https:\/\/api.w.org\/{rel}","templated":true}]}}