{"id":117,"date":"2007-06-29T13:11:50","date_gmt":"2007-06-29T12:11:50","guid":{"rendered":"http:\/\/www.cdlpv.org\/dtl\/?p=117"},"modified":"2007-06-29T13:11:50","modified_gmt":"2007-06-29T12:11:50","slug":"el-segon-multiplex-per-al-pais-valencia-2","status":"publish","type":"post","link":"https:\/\/www.cdlpv.org\/dtl\/2007\/06\/29\/el-segon-multiplex-per-al-pais-valencia-2\/","title":{"rendered":"El segon m\u00faltiplex per al Pa\u00eds Valenci\u00e0 (2)"},"content":{"rendered":"<p>Ja supos\u00e0vem que la cosa tindria una continu\u00eftat tan negativa com f\u00f3ra possible. No sabem si \u00e9s un catal\u00e0 qui fa espanyolisme i embolica la troca (Clos) o un espanyolista qui fingix que es preocupa pel Pa\u00eds Valenci\u00e0 (Rambla). En tot cas, en lloc de resoldre els problemes t\u00e8cnics que pogueren plantejar la reemissi\u00f3 dels canals auton\u00f2mics a Catalunya i el Pa\u00eds Valenci\u00e0, alg\u00fa sembla disposat a obrir un altre circ a costa de la salut informativa dels ciutadans valencians.<\/p>\n<p>Segons la not\u00edcia del diari <em>Levante-EMV<\/em> <a href=\"http:\/\/www.levante-emv.com\/secciones\/noticia.jsp?pNumEjemplar=3576&#038;pIdSeccion=19&#038;pIdNoticia=314769\" target=\"_blank\">(28.06.2007 dv.)<\/a>:<\/p>\n<blockquote>\n<h2>El Consell rebutja el segon m\u00faltiplex al no ser auton\u00f2mic<\/h2>\n<h3>Rambla descarta acords TV3 per a coproduir programes<\/h3>\n<h5>LEVANTE-EMV, Val\u00e8ncia &#8211; dj. 28.06.2007<\/h5>\n<p>El conseller de Relacions Institucionals i Comunicaci\u00f3, Vicente Rambla, va anunciar ahir que el Consell recorrer\u00e0 contra la resoluci\u00f3 del Ministeri d&#8217;Ind\u00fastria que atorga unes freq\u00fc\u00e8ncies de TDT a la Comunitat Valenciana, ja que \u00abno es correspon amb les demandes plantejades per escrit\u00bb per la comunitat. Segons va explicar, el m\u00faltiplex autoritzat no \u00e9s de car\u00e0cter auton\u00f2mic sin\u00f3 local, ja que est\u00e0 compost de quatre canals per a l&#8217;emissi\u00f3 exclusiva en les tres capitals de prov\u00edncia. El Consell du temps reclamant el segon m\u00faltiplex auton\u00f2mic i s&#8217;ha comprom\u00e9s a utilitzar un dels seus quatre canals per a un futur acord de reciprocitat amb Catalunya sobre les emissions de TV3 i Canal 9.<\/p>\n<p>No obstant aix\u00f2, l&#8217;acord seguix lluny de ser una realitat. Rambla va acusar al ministre d&#8217;haver enganyat a la Comunitat, ja que primer va anunciar als mitjans de comunicaci\u00f3 \u00abel contingut parcial d&#8217;una resoluci\u00f3 de la qual no ens havia informat pr\u00e8viament\u00bb i despr\u00e9s no ha concedit a la Comunitat el que havia demandat i necessita. \u00abSens dubte, es tracta d&#8217;un engany a les pretensions de la Comunitat Valenciana, i tamb\u00e9 a les necessitats plantejades per la comunitat de Catalunya per a poder emetre la seua televisi\u00f3 auton\u00f2mica en l&#8217;\u00e0mbit de la Comunitat Valenciana , va manifestar.<\/p>\n<p>El conseller va assegurar que es posar\u00e0 en contacte amb el Ministeri d&#8217;Ind\u00fastria per a comunicar la decisi\u00f3 de la Generalitat de rec\u00f3rrer contra la resoluci\u00f3 i expressar el seu \u00abdesig que el ministre Clos reflexione sobre l&#8217;arbitrarietat amb la qual s&#8217;est\u00e0 comportant el seu govern en l&#8217;autoritzaci\u00f3 de freq\u00fc\u00e8ncies de TDT\u00bb. Rambla va recordar que Catalunya \u00abt\u00e9 autoritzats tres m\u00faltiplex de cobertura auton\u00f2mica, per la qual cosa no pot servir-nos l&#8217;excusa que no hi ha espai radioel\u00e8ctric per a la comunitat , per\u00f2 s\u00ed per a Catalunya\u00bb .<\/p>\n<p>D&#8217;altra banda, Rambla va assegurar que no es donen les \u00abcondicions de respecte cultural i institucional que serien necess\u00e0ries per a una col\u00b7laboraci\u00f3 entre Catalunya i la comunitat en la producci\u00f3 de material audiovisual\u00bb . El conseller va contestar en estos termes en un comunicat al conseller de Cultura i Mitjans de Comunicaci\u00f3 de la Generalitat de Catalunya, Joan Manuel Tresserras, qui es va mostrar partidari dimarts passat d&#8217;arribar a un \u00abacord b\u00e0sic\u00bb amb la Generalitat perqu\u00e8 les televisions p\u00fabliques de les dues comunitats pogueren coproduir programes i intercanviar experi\u00e8ncies. \u00abA ning\u00fa se li escapa que per part de la televisi\u00f3 auton\u00f2mica catalana s&#8217;ha atemptat en nombroses ocasions contra la identitat cultural de la comunitat i contra la nomenclatura estatut\u00e0ria de la nostra llengua i el nostre territori, cosa que l\u00f2gicament faria inviable esta col\u00b7laboraci\u00f3 que planteja el conseller catal\u00e0\u00bb.<\/p>\n<p>Per a Rambla les \u00faniques opcions de col\u00b7laboraci\u00f3 entre ambdues comunitats se centren en l&#8217;acord de reciprocitat.<\/p>\n<\/blockquote>\n","protected":false},"excerpt":{"rendered":"<p>Ja supos\u00e0vem que la cosa tindria una continu\u00eftat tan negativa com f\u00f3ra possible. No sabem si \u00e9s un catal\u00e0 qui fa espanyolisme i embolica la troca (Clos) o un espanyolista qui fingix que es preocupa pel Pa\u00eds Valenci\u00e0 (Rambla). En tot cas, en lloc de resoldre els problemes t\u00e8cnics que pogueren plantejar la reemissi\u00f3 dels [&hellip;]<\/p>\n","protected":false},"author":2,"featured_media":0,"comment_status":"open","ping_status":"open","sticky":false,"template":"","format":"standard","meta":{"footnotes":""},"categories":[2,1,19,34],"tags":[],"class_list":["post-117","post","type-post","status-publish","format-standard","hentry","category-comunicacio","category-general","category-politica","category-tv3"],"_links":{"self":[{"href":"https:\/\/www.cdlpv.org\/dtl\/wp-json\/wp\/v2\/posts\/117","targetHints":{"allow":["GET"]}}],"collection":[{"href":"https:\/\/www.cdlpv.org\/dtl\/wp-json\/wp\/v2\/posts"}],"about":[{"href":"https:\/\/www.cdlpv.org\/dtl\/wp-json\/wp\/v2\/types\/post"}],"author":[{"embeddable":true,"href":"https:\/\/www.cdlpv.org\/dtl\/wp-json\/wp\/v2\/users\/2"}],"replies":[{"embeddable":true,"href":"https:\/\/www.cdlpv.org\/dtl\/wp-json\/wp\/v2\/comments?post=117"}],"version-history":[{"count":0,"href":"https:\/\/www.cdlpv.org\/dtl\/wp-json\/wp\/v2\/posts\/117\/revisions"}],"wp:attachment":[{"href":"https:\/\/www.cdlpv.org\/dtl\/wp-json\/wp\/v2\/media?parent=117"}],"wp:term":[{"taxonomy":"category","embeddable":true,"href":"https:\/\/www.cdlpv.org\/dtl\/wp-json\/wp\/v2\/categories?post=117"},{"taxonomy":"post_tag","embeddable":true,"href":"https:\/\/www.cdlpv.org\/dtl\/wp-json\/wp\/v2\/tags?post=117"}],"curies":[{"name":"wp","href":"https:\/\/api.w.org\/{rel}","templated":true}]}}