{"id":1160,"date":"2009-07-06T13:05:09","date_gmt":"2009-07-06T12:05:09","guid":{"rendered":"http:\/\/www.cdlpv.org\/dtl\/?p=1160"},"modified":"2009-07-06T13:05:09","modified_gmt":"2009-07-06T12:05:09","slug":"beques-de-lavl","status":"publish","type":"post","link":"https:\/\/www.cdlpv.org\/dtl\/2009\/07\/06\/beques-de-lavl\/","title":{"rendered":"Beques de l&#8217;AVL"},"content":{"rendered":"<p>El <span class=\"versaleta\">cidaj<\/span> ens envia la informaci\u00f3 seg\u00fcent:<\/p>\n<blockquote><p>\nResoluci\u00f3 de 16 de juny de 2009, de la Presid\u00e8ncia de l&#8217;Acad\u00e8mia Valenciana de la Llengua, per la qual es publiquen els acords de la Junta de Govern, de 19 de maig i de 5 de juny de 2009, pels quals s&#8217;adjudiquen les ajudes a les beques per a la realitzaci\u00f3 de treballs d&#8217;investigaci\u00f3 ling\u00fc\u00edstica sobre el valenci\u00e0. [2009\/7528] (<span class=\"versaleta\"><em>docv<\/em><\/span> n\u00fam. 6.045, de 29.06.2009)<br \/>\n<a href=\"http:\/\/www.pre.gva.es\/L\/BASIS\/BDLGVPU\/WEB\/LEV_LISTADOS_TEXTO\/DDW?W%3DSIGNATURA_N=7642+AND+SIGNATURA_A=2009%26R%3DN\" target=\"_blank\">&#8211; vegeu text<\/a>\n<\/p><\/blockquote>\n<p>En resum, els treballs desestimats i acceptats s\u00f3n els seg\u00fcents:<\/p>\n<blockquote><p>\n<strong>Desestimen per fora de termini:<\/strong><\/p>\n<ul>\n<li>Adriana Gil Puig, Rafael Delgado Andr\u00e9s: \u201cDiccionari forestal multiling\u00fce\u201d\n<li>Agust\u00ed Mayor Lloret, Albert Alcaraz Santonja, Marta Llinares Zaragoza, Vicent M\u00e1rquez Galv\u00e1n: \u201cDiccionari fester de Moros i Cristians\u201d\n<li>Edurne Mart\u00ednez Moreno, Marc Antoni Adell i Cueva: \u201cLa pres\u00e8ncia del valenci\u00e0 al sector bancari: eines de comunicaci\u00f3 tradicionals <em>vs<\/em>. noves tecnologies\u201d\n<li>Elena S\u00e1nchez L\u00f3pez: \u201cEstudi de les estructures seq\u00fcencials en Sant Vicent Ferrer i A. March. Aportaci\u00f3 per a un coneixement m\u00e9s exhaustiu de la llengua dels cl\u00e0ssics valencians (segles XIV i XV)\u201d\n<li>Mar\u00eda \u00c1ngeles Fuster Ortu\u00f1o: \u201cContribuci\u00f3 a la millora del coneixement de la llengua liter\u00e0ria dels cl\u00e0ssics valencians dels segles XIV i XV: estudi de les locucions verbals en Lo Cresti\u00e0, de Francesc Eiximenis, i Tirant lo Blanch, de Joanot Martorell\u201d\n<li>Frederic Oriola Vell\u00f3, Amparo Mol\u00e1s Nu\u00f1ez: \u201cEl mirall pautat: recull de cites musicals\u201d\n<\/ul>\n<p><strong>Desestimen per altres motius:<\/strong><\/p>\n<ul>\n<li>Pasqual Chabrera Calpe: \u201cAparat cr\u00edtic i modernitzaci\u00f3 de l\u2019obra d\u2019Ausi\u00e0s Marc\u201d\n<li>Josep Estornell Catal\u00e0: \u201cCacera amb gos i garrot. L\u00e8xic de la ca\u00e7a menor\u201d\n<li>Roberto Juan Beltr\u00e1n Cort\u00e9s: \u201cXurro va II! Reculls L\u00e8xics. Tresor. Continuaci\u00f3 beca 2007-08\u201d\n<li>Josep F. Meseguer Carb\u00f3: \u201cEl l\u00e8xic de l\u2019antiga di\u00f2cesi de Tortosa recollit al diccionari catal\u00e0-valenci\u00e0-balear\u201d\n<li>Esther Fern\u00e1ndez L\u00f3pez: \u201cEmpremtes valencianes i aragoneses en els parlars xurros: Soneja\u201d\n<li>Sara Ribes Rosa, Virginia Mart\u00ednez Calvo: \u201cDocumentaci\u00f3 de Cultura Valenciana: can\u00e7on\u00edstica\u201d\n<li>Cristina Garc\u00eda de Toro, Daniel P\u00e9rez i Grau, Anna Marz\u00e0 Ib\u00e1\u00f1ez, Gl\u00f2ria Torralba Miralles, Teresa Mol\u00e9s Cases, Pilar Espeleta Prorno: \u201cAn\u00e0lisi de les traduccions de Literatura Infantil i Juvenil al valenci\u00e0 (1976-2007)\u201d\n<li>Jos\u00e9 Navarro Gavil\u00e1n: \u201cProposta de llibre d\u2019estil per a les administracions valencianes\u201d\n<\/ul>\n<p><strong>Concedixen les beques seg\u00fcents:<\/strong><\/p>\n<ul>\n<table border=\"1\" cellspacing=2 cellpadding=3 rules=\"all\">\n<tr>\n<td>Casto Sorl\u00ed Moliner<\/td>\n<td>\u201cVocabulari i terminologia relacionada amb els regadius de l\u2019Alt i Baix Maestrat\u201d<\/td>\n<td>1.500&nbsp;\u20ac<\/td>\n<\/tr>\n<tr>\n<td>Sergi Pitarch S\u00e1nchez<\/td>\n<td>\u201cEl futur del valenci\u00e0 als mitjans de comunicaci\u00f3 digitals: els blocs\u201d<\/td>\n<td>2.800&nbsp;\u20ac<\/td>\n<\/tr>\n<tr>\n<td>Josep Joaquim Sorl\u00ed Moliner<\/td>\n<td>\u201cLes festivitats locals al Baix Maestrat\u201d<\/td>\n<td>1.500&nbsp;\u20ac<\/td>\n<\/tr>\n<tr>\n<td>Isabel Betlloch Mas, Regina Ramon Sapedra, Eusebi Chiner Vives<\/td>\n<td>\u201cVocabulari popular dermatol\u00f2gic Valenci\u00e0. Equival\u00e8ncies en la llengua castellana i en el llenguatge cient\u00edfic\/m\u00e8dic\u201d<\/td>\n<td>3.000&nbsp;\u20ac<\/td>\n<\/tr>\n<tr>\n<td>Llu\u00eds Brines i Garc\u00eda<\/td>\n<td>\u201cBiografia documentada de Francesc Eiximenis\u201d<\/td>\n<td>4.000&nbsp;\u20ac<\/td>\n<\/tr>\n<tr>\n<td>Francesc Vila Mart\u00edn<\/td>\n<td>\u201cLes actituds dels estudiants de postobligat\u00f2ria envers la lectura en valenci\u00e0\u201d<\/td>\n<td>2.500\u20ac<\/td>\n<\/tr>\n<tr>\n<td>Amparo Gasent Moscard\u00f3<\/td>\n<td>\u201cEstudi dels hel&middot;lenismes a l\u2019obra d\u2019Arnau de Vilanova\u201d<\/td>\n<td>1.500&nbsp;\u20ac<\/td>\n<\/tr>\n<tr>\n<td>Rafael Fresquet Fayos<\/td>\n<td>\u201cDe l\u2019art de b\u00e9 morir a l\u2019Espill de Ben Viure i per ajudar a ben morir de Jaume Montany\u00e9s i Onofre Soler\u201d<\/td>\n<td>3.000&nbsp;\u20ac<\/td>\n<\/tr>\n<tr>\n<td>Rosa G\u00f3mez Casa\u00f1<\/td>\n<td>\u201cEtimolog\u00eda de la topon\u00edmia mayor de los Serranos\u201d<\/td>\n<td>2.000&nbsp;\u20ac<\/td>\n<\/tr>\n<tr>\n<td>Pere-Enric Barreda Edo \u00c0ngela Buj Alfara<\/td>\n<td>\u201cVocabulari d\u2019oficis de Cat\u00ed de Moss\u00e9n Joan Puig\u201d<\/td>\n<td>1.500&nbsp;\u20ac<\/td>\n<\/tr>\n<tr>\n<td>M\u00aa Cruz Cano Cervera, Nicol\u00e1s Cano Cervera, Ana Isabel Cano Cervera<\/td>\n<td>\u201cRecull de termes festers valencians\u201d<\/td>\n<td>2.500&nbsp;\u20ac<\/td>\n<\/tr>\n<tr>\n<td>Enric-Miquel Casado Navarro<\/td>\n<td>\u201cDe \u2018Un ensayo\u2019a un assaig fet en regla. Corregir a Bernat i Baldov\u00ed\u201d<\/td>\n<td>1.000&nbsp;\u20ac<\/td>\n<\/tr>\n<tr>\n<td>Marta Rib\u00f3 Herrero, Juan Luis Sanchis Forriols<\/td>\n<td>\u201cEstudi del vocabulari popular dels agricultors majors relacionats amb pr\u00e0ctiques d\u2019agricultura tradicional i amb varietats locals\u201d<\/td>\n<td>1.500&nbsp;\u20ac<\/td>\n<\/tr>\n<tr>\n<td>Marina Requena i Mora, Marta Nicolau Gallego<\/td>\n<td>\u201cLes actituds de la joventut davant l\u2019\u00fas del valenci\u00e0\u201d<\/td>\n<td>1.800&nbsp;\u20ac<\/td>\n<\/tr>\n<tr>\n<td>Josep Daniel Climent Mart\u00ednez<\/td>\n<td>\u201cL\u2019obra ling\u00fc\u00edstica d\u2019Enric Valor i Vives\u201d<\/td>\n<td>4.000&nbsp;\u20ac<\/td>\n<\/tr>\n<tr>\n<td>Josep Norbert Sancho Chust, Eusebi Chiner Vives, Ana Camarasa Escrig, Isabel Benlloch Mas<\/td>\n<td>\u201cL\u2019expressi\u00f3 pneumol\u00f2gica al llenguatge popular valenci\u00e0: estudi sistem\u00e0tic de la terminologia, la paremiologia i la terap\u00e8utica tradicional relacionades amb la medicina respirat\u00f2ria\u201d<\/td>\n<td>1.000&nbsp;\u20ac<\/td>\n<\/tr>\n<tr>\n<td>Josep Llu\u00eds Santonja Cardona<\/td>\n<td>\u201cEpistolari de Joan Valls i Jord\u00e0 i Estudi i Transcripci\u00f3\u201d<\/td>\n<td>3.000&nbsp;\u20ac<\/td>\n<\/tr>\n<tr>\n<td>Abelard Saragoss\u00e0 Alba<\/td>\n<td>\u201cPreposicions que indiquen superioritat i inferioritat\u201d<\/td>\n<td>1.500&nbsp;\u20ac<\/td>\n<\/tr>\n<tr>\n<td>Francesc Fenollosa i Ten<\/td>\n<td>\u201cRepertori de produccions audiovisuals en valenci\u00e0\u201d<\/td>\n<td>5.000&nbsp;\u20ac<\/td>\n<\/tr>\n<tr>\n<td>Ferran Robles i Sabater<\/td>\n<td>\u201cL\u2019aportaci\u00f3 alemanya als inicis de la ling\u00fc\u00edstica valenciana\u201d<\/td>\n<td>3.000&nbsp;\u20ac<\/td>\n<\/tr>\n<tr>\n<td>Josep Antoni Lluesma Espanya<\/td>\n<td>\u201cLes denominacions tradicionals en els sistemes de rec de la Ribera Alta i Baixa\u201d<\/td>\n<td>1.500&nbsp;\u20ac<\/td>\n<\/tr>\n<tr>\n<td>Yolanda Estreder i Ort\u00ed, Marc Antoni Adell i Cueva<\/td>\n<td>\u201cLes actituds de la joventut davant l\u2019\u00fas del valenci\u00e0: \u00e0mbits de detecci\u00f3\u201d<\/td>\n<td>2.000&nbsp;\u20ac<\/td>\n<\/tr>\n<tr>\n<td>Vicent Terol i Reig<\/td>\n<td>\u201cAntropon\u00edmia medieval d\u2019Ontinyent: de la conquesta a la Germania\u201d<\/td>\n<td>5.000&nbsp;\u20ac<\/td>\n<\/tr>\n<tr>\n<td>Agust\u00ed Ribera i Gomes, Tom\u00e0s Florenci Bordera Bordera<\/td>\n<td>\u201cTopon\u00edmia hist\u00f2rica dels Alforins\u201d<\/td>\n<td>1.500&nbsp;\u20ac<\/td>\n<\/tr>\n<tr>\n<td>Jordi Gim\u00e9nez Ferrer, Jes\u00fas Leonardo Gim\u00e9nez Jim\u00e9nez<\/td>\n<td>\u201cDiccionari de dubtes en els usos ling\u00fc\u00edstics i normativa del valenci\u00e0\u201d<\/td>\n<td>5.000&nbsp;\u20ac<\/td>\n<\/tr>\n<tr>\n<td>Daniel Casals Martorell, Silvia Ure\u00f1a Reguart<\/td>\n<td>\u201cEstudi del programa radiof\u00f2nic <em>De dalt a baix<\/em>\u201d<\/td>\n<td> 2.000&nbsp;\u20ac<\/td>\n<\/tr>\n<tr>\n<td>&nbsp;<\/td>\n<td><strong>Total<\/strong><\/td>\n<td>59.600&nbsp;\u20ac<\/td>\n<\/tr>\n<\/table>\n<\/ul>\n<\/blockquote>\n","protected":false},"excerpt":{"rendered":"<p>El cidaj ens envia la informaci\u00f3 seg\u00fcent: Resoluci\u00f3 de 16 de juny de 2009, de la Presid\u00e8ncia de l&#8217;Acad\u00e8mia Valenciana de la Llengua, per la qual es publiquen els acords de la Junta de Govern, de 19 de maig i de 5 de juny de 2009, pels quals s&#8217;adjudiquen les ajudes a les beques per [&hellip;]<\/p>\n","protected":false},"author":2,"featured_media":0,"comment_status":"open","ping_status":"open","sticky":false,"template":"","format":"standard","meta":{"footnotes":""},"categories":[38,40,10,1],"tags":[51],"class_list":["post-1160","post","type-post","status-publish","format-standard","hentry","category-avl","category-beques-formacio","category-formacio","category-general","tag-ajudes"],"_links":{"self":[{"href":"https:\/\/www.cdlpv.org\/dtl\/wp-json\/wp\/v2\/posts\/1160","targetHints":{"allow":["GET"]}}],"collection":[{"href":"https:\/\/www.cdlpv.org\/dtl\/wp-json\/wp\/v2\/posts"}],"about":[{"href":"https:\/\/www.cdlpv.org\/dtl\/wp-json\/wp\/v2\/types\/post"}],"author":[{"embeddable":true,"href":"https:\/\/www.cdlpv.org\/dtl\/wp-json\/wp\/v2\/users\/2"}],"replies":[{"embeddable":true,"href":"https:\/\/www.cdlpv.org\/dtl\/wp-json\/wp\/v2\/comments?post=1160"}],"version-history":[{"count":0,"href":"https:\/\/www.cdlpv.org\/dtl\/wp-json\/wp\/v2\/posts\/1160\/revisions"}],"wp:attachment":[{"href":"https:\/\/www.cdlpv.org\/dtl\/wp-json\/wp\/v2\/media?parent=1160"}],"wp:term":[{"taxonomy":"category","embeddable":true,"href":"https:\/\/www.cdlpv.org\/dtl\/wp-json\/wp\/v2\/categories?post=1160"},{"taxonomy":"post_tag","embeddable":true,"href":"https:\/\/www.cdlpv.org\/dtl\/wp-json\/wp\/v2\/tags?post=1160"}],"curies":[{"name":"wp","href":"https:\/\/api.w.org\/{rel}","templated":true}]}}