{"id":116,"date":"2007-06-27T11:09:50","date_gmt":"2007-06-27T10:09:50","guid":{"rendered":"http:\/\/www.cdlpv.org\/dtl\/?p=116"},"modified":"2007-06-27T11:09:50","modified_gmt":"2007-06-27T10:09:50","slug":"junta-digna-aclarix-una-noticia-apareguda-en-el-levante","status":"publish","type":"post","link":"https:\/\/www.cdlpv.org\/dtl\/2007\/06\/27\/junta-digna-aclarix-una-noticia-apareguda-en-el-levante\/","title":{"rendered":"Junta Digna aclarix una not\u00edcia apareguda en el Levante"},"content":{"rendered":"<p>Els companys i companyes de Junta Digna ens han tram\u00e9s el comunicat seg\u00fcent:<\/p>\n<blockquote>\n<h3>En relaci\u00f3 amb l\u2019article publicat pel diari <em>Levante<\/em> el 26 de juny de 2007 sobre Junta Digna, aquest col\u00b7lectiu vol manifestar el seg\u00fcent:<\/h3>\n<p><\/p>\n<p>Junta Digna \u00e9s una plataforma de debat impulsada per un col\u00b7lectiu d\u2019examinadors amb un profund comprom\u00eds i implicaci\u00f3 amb la llengua i amb la Junta Qualificadora des de fa molts anys. L\u2019objectiu d\u2019aquest f\u00f2rum de debat intern \u00e9s discutir idees, a partir de la llarga experi\u00e8ncia dels seus membres, que permeten plantejar a l\u2019administraci\u00f3 propostes de millora en el desenvolupament de les proves.<\/p>\n<p>Junta Digna vol manifestar que encara no s\u2019ha posat en contacte amb l\u2019administraci\u00f3 per a plantejar cap demanda ni cap proposta. El debat es troba en una fase inicial de generaci\u00f3 d\u2019idees, amb propostes molt diverses fetes pels membres del col\u00b7lectiu, que encara s\u2019han d\u2019organitzar i analitzar.<\/p>\n<p>El document a qu\u00e8 ha tingut acc\u00e9s el diari <em>Levante<\/em> \u00e9s un esborrany redactat en clau interna. A m\u00e9s, es tracta d\u2019una versi\u00f3 primerenca que cont\u00e9 algunes apreciacions subjectives i, en algun cas, err\u00f2nies, que han sigut detectades i corregides en versions posteriors.<\/p>\n<p>La vaga a qu\u00e8 fa refer\u00e8ncia l\u2019article no \u00e9s, en absolut, una decisi\u00f3 definitiva. Certament, \u00e9s una de les mesures de for\u00e7a suggerides, per\u00f2 ara com ara no n\u2019hi ha una convocat\u00f2ria ferma.<\/p>\n<p>Junta Digna vol deixar clar que en cap moment ha volgut traslladar el debat als mitjans de comunicaci\u00f3 per a no desvirtuar-lo. Aquest f\u00f2rum de debat, des del comprom\u00eds i la implicaci\u00f3 del seus membres amb la JQCV, continuar\u00e0 generant propostes i fomentant el debat intern, amb esperit constructiu, dins de l\u2019entorn t\u00e8cnic i professional que li \u00e9s propi.\n<\/p><\/blockquote>\n","protected":false},"excerpt":{"rendered":"<p>Els companys i companyes de Junta Digna ens han tram\u00e9s el comunicat seg\u00fcent: En relaci\u00f3 amb l\u2019article publicat pel diari Levante el 26 de juny de 2007 sobre Junta Digna, aquest col\u00b7lectiu vol manifestar el seg\u00fcent: Junta Digna \u00e9s una plataforma de debat impulsada per un col\u00b7lectiu d\u2019examinadors amb un profund comprom\u00eds i implicaci\u00f3 amb [&hellip;]<\/p>\n","protected":false},"author":2,"featured_media":0,"comment_status":"open","ping_status":"open","sticky":false,"template":"","format":"standard","meta":{"footnotes":""},"categories":[10,1,13,15,24],"tags":[],"class_list":["post-116","post","type-post","status-publish","format-standard","hentry","category-formacio","category-general","category-jqcv","category-laboral","category-requisit-linguistic"],"_links":{"self":[{"href":"https:\/\/www.cdlpv.org\/dtl\/wp-json\/wp\/v2\/posts\/116","targetHints":{"allow":["GET"]}}],"collection":[{"href":"https:\/\/www.cdlpv.org\/dtl\/wp-json\/wp\/v2\/posts"}],"about":[{"href":"https:\/\/www.cdlpv.org\/dtl\/wp-json\/wp\/v2\/types\/post"}],"author":[{"embeddable":true,"href":"https:\/\/www.cdlpv.org\/dtl\/wp-json\/wp\/v2\/users\/2"}],"replies":[{"embeddable":true,"href":"https:\/\/www.cdlpv.org\/dtl\/wp-json\/wp\/v2\/comments?post=116"}],"version-history":[{"count":0,"href":"https:\/\/www.cdlpv.org\/dtl\/wp-json\/wp\/v2\/posts\/116\/revisions"}],"wp:attachment":[{"href":"https:\/\/www.cdlpv.org\/dtl\/wp-json\/wp\/v2\/media?parent=116"}],"wp:term":[{"taxonomy":"category","embeddable":true,"href":"https:\/\/www.cdlpv.org\/dtl\/wp-json\/wp\/v2\/categories?post=116"},{"taxonomy":"post_tag","embeddable":true,"href":"https:\/\/www.cdlpv.org\/dtl\/wp-json\/wp\/v2\/tags?post=116"}],"curies":[{"name":"wp","href":"https:\/\/api.w.org\/{rel}","templated":true}]}}