{"id":1153,"date":"2009-07-06T08:44:21","date_gmt":"2009-07-06T07:44:21","guid":{"rendered":"http:\/\/www.cdlpv.org\/dtl\/?p=1153"},"modified":"2009-07-06T08:44:21","modified_gmt":"2009-07-06T07:44:21","slug":"enquesta-dusos-linguistics-en-catalunya-2008","status":"publish","type":"post","link":"https:\/\/www.cdlpv.org\/dtl\/2009\/07\/06\/enquesta-dusos-linguistics-en-catalunya-2008\/","title":{"rendered":"Enquesta d&#8217;usos ling\u00fc\u00edstics en Catalunya (2008)"},"content":{"rendered":"<caption id=\"attachment_1152\" align=\"alignright\" width=\"150\" caption=\"Enquesta d'usos ling\u00fc\u00edstics de la poblaci\u00f3 2008\"><a href=\"http:\/\/www20.gencat.cat\/docs\/Llengcat\/Documents\/Publicacions\/Altres\/Arxius\/eulp2008_fullet.pdf\"><img loading=\"lazy\" decoding=\"async\" src=\"http:\/\/www.cdlpv.org\/dtl\/wp-content\/uploads\/2009\/07\/EULP2008_fullet1-150x150.jpg\" alt=\"Enquesta d&#039;usos ling\u00fc\u00edstics de la poblaci\u00f3 2008\" title=\"EULP2008\" width=\"150\" height=\"150\" class=\"size-thumbnail wp-image-1152\" \/><\/a><\/caption>\n<p>La Secretaria de Pol\u00edtica Ling\u00fc\u00edstica de la Generalitat de Catalunya ens envia la informaci\u00f3 seg\u00fcent:<\/p>\n<blockquote>\n<h2>Les lleng\u00fces a Catalunya. Resultats de l&#8217;Enquesta d&#8217;usos ling\u00fc\u00edstics de la poblaci\u00f3 2008<\/h2>\n<p>Fullet divulgatiu <a href=\"http:\/\/www20.gencat.cat\/docs\/Llengcat\/Documents\/Publicacions\/Altres\/Arxius\/eulp2008_fullet.pdf\" target=\"_blank\"><span class=\"versaleta\">[pdf]<\/span><\/a> sobre els resultats de l&#8217;Enquesta d&#8217;usos ling\u00fc\u00edstics de la poblaci\u00f3 2008.  Es tracta d&#8217;una estad\u00edstica oficial duta a terme per  la Secretaria de Pol\u00edtica Ling\u00fc\u00edstica, amb la col\u00b7laboraci\u00f3 de l\u2019Idescat, amb l&#8217;objectiu de con\u00e8ixer els usos que les persones residents a Catalunya fan de les diverses lleng\u00fces presents en el territori.\n<\/p><\/blockquote>\n","protected":false},"excerpt":{"rendered":"<p>La Secretaria de Pol\u00edtica Ling\u00fc\u00edstica de la Generalitat de Catalunya ens envia la informaci\u00f3 seg\u00fcent: Les lleng\u00fces a Catalunya. Resultats de l&#8217;Enquesta d&#8217;usos ling\u00fc\u00edstics de la poblaci\u00f3 2008 Fullet divulgatiu [pdf] sobre els resultats de l&#8217;Enquesta d&#8217;usos ling\u00fc\u00edstics de la poblaci\u00f3 2008. Es tracta d&#8217;una estad\u00edstica oficial duta a terme per la Secretaria de Pol\u00edtica [&hellip;]<\/p>\n","protected":false},"author":2,"featured_media":0,"comment_status":"open","ping_status":"open","sticky":false,"template":"","format":"standard","meta":{"footnotes":""},"categories":[3,1,27],"tags":[177],"class_list":["post-1153","post","type-post","status-publish","format-standard","hentry","category-documentacio","category-general","category-sociolinguistica","tag-enquestes"],"_links":{"self":[{"href":"https:\/\/www.cdlpv.org\/dtl\/wp-json\/wp\/v2\/posts\/1153","targetHints":{"allow":["GET"]}}],"collection":[{"href":"https:\/\/www.cdlpv.org\/dtl\/wp-json\/wp\/v2\/posts"}],"about":[{"href":"https:\/\/www.cdlpv.org\/dtl\/wp-json\/wp\/v2\/types\/post"}],"author":[{"embeddable":true,"href":"https:\/\/www.cdlpv.org\/dtl\/wp-json\/wp\/v2\/users\/2"}],"replies":[{"embeddable":true,"href":"https:\/\/www.cdlpv.org\/dtl\/wp-json\/wp\/v2\/comments?post=1153"}],"version-history":[{"count":0,"href":"https:\/\/www.cdlpv.org\/dtl\/wp-json\/wp\/v2\/posts\/1153\/revisions"}],"wp:attachment":[{"href":"https:\/\/www.cdlpv.org\/dtl\/wp-json\/wp\/v2\/media?parent=1153"}],"wp:term":[{"taxonomy":"category","embeddable":true,"href":"https:\/\/www.cdlpv.org\/dtl\/wp-json\/wp\/v2\/categories?post=1153"},{"taxonomy":"post_tag","embeddable":true,"href":"https:\/\/www.cdlpv.org\/dtl\/wp-json\/wp\/v2\/tags?post=1153"}],"curies":[{"name":"wp","href":"https:\/\/api.w.org\/{rel}","templated":true}]}}