{"id":1148,"date":"2009-07-03T21:56:28","date_gmt":"2009-07-03T20:56:28","guid":{"rendered":"http:\/\/www.cdlpv.org\/dtl\/?p=1148"},"modified":"2009-07-03T21:56:28","modified_gmt":"2009-07-03T20:56:28","slug":"el-pp-elimina-loficina-linguistica-dalboraia","status":"publish","type":"post","link":"https:\/\/www.cdlpv.org\/dtl\/2009\/07\/03\/el-pp-elimina-loficina-linguistica-dalboraia\/","title":{"rendered":"El PP elimina l&#8217;oficina ling\u00fc\u00edstica d&#8217;Alboraia"},"content":{"rendered":"<p>El diari <em>Levante<\/em> <a href=\"http:\/\/www.levante-emv.com\/secciones\/noticia.jsp?pRef=2009070300_18_607872__Panorama-rebaixes-arriben-llengua\" target=\"_blank\">(03.07.2009)<\/a> es fa refer\u00e8ncia de l&#8217;eliminaci\u00f3 de l&#8217;oficina de gesti\u00f3 ling\u00fc\u00edstica en Alboraia que ha dut avant l&#8217;alcalde del Partit Popular i diputat provincial Manuel \u00c1lvaro &mdash;a m\u00e9s del lloc de treball que ocupava la t\u00e8cnica ling\u00fc\u00edstica, l&#8217;ajuntament ha amortitzat d\u00e8neu llocs m\u00e9s d&#8217;altres serveis municipals.<\/p>\n<p>La <span class=\"versaleta\">cdlpv<\/span>, col\u00b7laborant en la iniciativa reivindicativa que duien a termes alguns t\u00e8cnics ling\u00fc\u00edstics municipals, envi\u00e0 un escrit d&#8217;al\u00b7legacions contra la supressi\u00f3 de l&#8217;oficina de gesti\u00f3 ling\u00fc\u00edstica. La not\u00edcia d&#8217;Alfons Garcia sintetitza els detalls de la q\u00fcesti\u00f3:<\/p>\n<blockquote>\n<h2>Les rebaixes arriben a la llengua<\/h2>\n<h3>Alboraia fulmina l&#8217;Oficina de Promoci\u00f3 del Valenci\u00e0 i els ling\u00fcistes temen que altres ciutats copien l&#8217;acci\u00f3<\/h3>\n[&#8230;]\n<p>La decisi\u00f3 del consistori d&#8217;Alboraia &mdash;l&#8217;alcalde \u00e9s Manuel \u00c1lvaro, diputat provincial tamb\u00e9 pel PP&mdash; contradiu les directrius que la Federaci\u00f3 Valenciana de Municipis i Prov\u00edncies <span class=\"versaleta\">(fvmp)<\/span> va aprovar arran de la commemoraci\u00f3 el 2008 dels 25 anys de la Llei d&#8217;\u00fas i ensenyament del valenci\u00e0. Fins i tot, la moci\u00f3 amb setze propostes remesa per aquesta instituci\u00f3 inclo\u00efa en el seu punt sis\u00e9: \u00abImpulsar la creaci\u00f3 o el funcionament d&#8217;oficines municipals de promoci\u00f3 del valenci\u00e0\u00bb. Just el contrari ha fet ara Alboraia.<\/p>\n[&#8230;]\n<\/p><\/blockquote>\n","protected":false},"excerpt":{"rendered":"<p>El diari Levante (03.07.2009) es fa refer\u00e8ncia de l&#8217;eliminaci\u00f3 de l&#8217;oficina de gesti\u00f3 ling\u00fc\u00edstica en Alboraia que ha dut avant l&#8217;alcalde del Partit Popular i diputat provincial Manuel \u00c1lvaro &mdash;a m\u00e9s del lloc de treball que ocupava la t\u00e8cnica ling\u00fc\u00edstica, l&#8217;ajuntament ha amortitzat d\u00e8neu llocs m\u00e9s d&#8217;altres serveis municipals. La cdlpv, col\u00b7laborant en la iniciativa [&hellip;]<\/p>\n","protected":false},"author":2,"featured_media":0,"comment_status":"open","ping_status":"open","sticky":false,"template":"","format":"standard","meta":{"footnotes":""},"categories":[36,4,1,15,23,24],"tags":[50,55],"class_list":["post-1148","post","type-post","status-publish","format-standard","hentry","category-allofobia","category-dret","category-general","category-laboral","category-reglaments-linguistics","category-requisit-linguistic","tag-administracio-local","tag-alboraia"],"_links":{"self":[{"href":"https:\/\/www.cdlpv.org\/dtl\/wp-json\/wp\/v2\/posts\/1148","targetHints":{"allow":["GET"]}}],"collection":[{"href":"https:\/\/www.cdlpv.org\/dtl\/wp-json\/wp\/v2\/posts"}],"about":[{"href":"https:\/\/www.cdlpv.org\/dtl\/wp-json\/wp\/v2\/types\/post"}],"author":[{"embeddable":true,"href":"https:\/\/www.cdlpv.org\/dtl\/wp-json\/wp\/v2\/users\/2"}],"replies":[{"embeddable":true,"href":"https:\/\/www.cdlpv.org\/dtl\/wp-json\/wp\/v2\/comments?post=1148"}],"version-history":[{"count":0,"href":"https:\/\/www.cdlpv.org\/dtl\/wp-json\/wp\/v2\/posts\/1148\/revisions"}],"wp:attachment":[{"href":"https:\/\/www.cdlpv.org\/dtl\/wp-json\/wp\/v2\/media?parent=1148"}],"wp:term":[{"taxonomy":"category","embeddable":true,"href":"https:\/\/www.cdlpv.org\/dtl\/wp-json\/wp\/v2\/categories?post=1148"},{"taxonomy":"post_tag","embeddable":true,"href":"https:\/\/www.cdlpv.org\/dtl\/wp-json\/wp\/v2\/tags?post=1148"}],"curies":[{"name":"wp","href":"https:\/\/api.w.org\/{rel}","templated":true}]}}