{"id":1145,"date":"2009-07-01T22:18:57","date_gmt":"2009-07-01T21:18:57","guid":{"rendered":"http:\/\/www.cdlpv.org\/dtl\/?p=1145"},"modified":"2009-07-01T22:18:57","modified_gmt":"2009-07-01T21:18:57","slug":"les-llengues-en-ladministracio-estatal-espanyola","status":"publish","type":"post","link":"https:\/\/www.cdlpv.org\/dtl\/2009\/07\/01\/les-llengues-en-ladministracio-estatal-espanyola\/","title":{"rendered":"Les lleng\u00fces en l\u2019administraci\u00f3 estatal espanyola"},"content":{"rendered":"<p>El diari <em>El Pa\u00eds<\/em> <a href=\"http:\/\/www.elpais.com\/articulo\/espana\/bilinguismo\/Administracion\/cubre\/exigencias\/Consejo\/Europa\/elpepuesp\/20090630elpepinac_11\/Tes\" target=\"_blank\">(30.06.2009)<\/a> ens detalla un poc les dades de l&#8217;Informe 2008 de l&#8217;Oficina per a les Lleng\u00fces Oficials en l&#8217;Administraci\u00f3 General de l&#8217;Estat. En resum:<\/p>\n<blockquote>\n<h2>El biling\u00fcisme en l&#8217;administraci\u00f3 no cobrix les exig\u00e8ncies del Consell d&#8217;Europa<\/h2>\n[&#8230;]\n<p>Les dades de l&#8217;organisme interministerial no satisfan, no obstant aix\u00f2, els criteris del Comit\u00e9 de Ministres del Consell d&#8217;Europa. El passat desembre, el comit\u00e9 va publicar altre informe, en el qual exigia a l&#8217;administraci\u00f3 general de l&#8217;estat m\u00e9s suport a les lleng\u00fces cooficials i denunciava defici\u00e8ncies en la utilitzaci\u00f3 de les lleng\u00fces regionals en serveis p\u00fablics tan importants i amb tanta relaci\u00f3 amb la ciutadania, com el judicial, Correus i Renfe.<\/p>\n[&#8230;]\n<p>En la Comunitat Valenciana (5.000.030 habitants, el 76&nbsp;% catalanoparlants), la xifra d&#8217;empleats biling\u00fces baixa al 76&nbsp;%.<\/p>\n[&#8230;]\n<p>Tamb\u00e9 en la Seguretat Social s\u00f3n desiguals els resultats. Una vegada m\u00e9s, els empleats p\u00fablics a Catalunya i Gal\u00edcia oferixen nivells de biling\u00fcisme propers al 100&nbsp;%, mentres que a les Balears el percentatge baixa al 90&nbsp;%, a la Comunitat Valenciana, al 50&nbsp;% i al Pa\u00eds Basc \u00e9s encara menor.\n<\/p><\/blockquote>\n","protected":false},"excerpt":{"rendered":"<p>El diari El Pa\u00eds (30.06.2009) ens detalla un poc les dades de l&#8217;Informe 2008 de l&#8217;Oficina per a les Lleng\u00fces Oficials en l&#8217;Administraci\u00f3 General de l&#8217;Estat. En resum: El biling\u00fcisme en l&#8217;administraci\u00f3 no cobrix les exig\u00e8ncies del Consell d&#8217;Europa [&#8230;] Les dades de l&#8217;organisme interministerial no satisfan, no obstant aix\u00f2, els criteris del Comit\u00e9 de [&hellip;]<\/p>\n","protected":false},"author":2,"featured_media":0,"comment_status":"open","ping_status":"open","sticky":false,"template":"","format":"standard","meta":{"footnotes":""},"categories":[4,1,15,47,24,35],"tags":[49,262],"class_list":["post-1145","post","type-post","status-publish","format-standard","hentry","category-dret","category-general","category-laboral","category-planificacio","category-requisit-linguistic","category-unio-europea","tag-administracio-espanyola","tag-justicia"],"_links":{"self":[{"href":"https:\/\/www.cdlpv.org\/dtl\/wp-json\/wp\/v2\/posts\/1145","targetHints":{"allow":["GET"]}}],"collection":[{"href":"https:\/\/www.cdlpv.org\/dtl\/wp-json\/wp\/v2\/posts"}],"about":[{"href":"https:\/\/www.cdlpv.org\/dtl\/wp-json\/wp\/v2\/types\/post"}],"author":[{"embeddable":true,"href":"https:\/\/www.cdlpv.org\/dtl\/wp-json\/wp\/v2\/users\/2"}],"replies":[{"embeddable":true,"href":"https:\/\/www.cdlpv.org\/dtl\/wp-json\/wp\/v2\/comments?post=1145"}],"version-history":[{"count":0,"href":"https:\/\/www.cdlpv.org\/dtl\/wp-json\/wp\/v2\/posts\/1145\/revisions"}],"wp:attachment":[{"href":"https:\/\/www.cdlpv.org\/dtl\/wp-json\/wp\/v2\/media?parent=1145"}],"wp:term":[{"taxonomy":"category","embeddable":true,"href":"https:\/\/www.cdlpv.org\/dtl\/wp-json\/wp\/v2\/categories?post=1145"},{"taxonomy":"post_tag","embeddable":true,"href":"https:\/\/www.cdlpv.org\/dtl\/wp-json\/wp\/v2\/tags?post=1145"}],"curies":[{"name":"wp","href":"https:\/\/api.w.org\/{rel}","templated":true}]}}