{"id":1143,"date":"2009-06-30T19:51:19","date_gmt":"2009-06-30T18:51:19","guid":{"rendered":"http:\/\/www.cdlpv.org\/dtl\/?p=1143"},"modified":"2009-06-30T19:51:19","modified_gmt":"2009-06-30T18:51:19","slug":"els-cursos-destiu-denguany","status":"publish","type":"post","link":"https:\/\/www.cdlpv.org\/dtl\/2009\/06\/30\/els-cursos-destiu-denguany\/","title":{"rendered":"Els cursos d&#8217;estiu d&#8217;enguany"},"content":{"rendered":"<p>Puga ser que hi haja una activitat un poc m\u00e9s baixa del que \u00e9s habitual en este diari, per\u00f2 es deu segurament tant al fet que s&#8217;acosten les vacances, com als vint-i-sisens cursos d&#8217;estius organitzats per la <a href=\"http:\/\/www.edu.gva.es\/polin\/val\/aprendre_valencia.html\" target=\"_blank\">conselleria<\/a> d&#8217;educaci\u00f3 valenciana, on hi ha molts t\u00e8cnics ling\u00fc\u00edstics passant els matins d&#8217;esta setmana, entre les estad\u00edstiques de Xavier Sanjuan i Merino o la reconversi\u00f3 psicol\u00f2gica a qu\u00e8 ens convida Ferran Suay i Lerma, el xin\u00e9s mandar\u00ed &mdash;un \u00e8xit en totes les emissores administratives&mdash; de Michael Prosser van der Riet, i altres sessions que van del llenguatge administratiu (Joan Andreu i Bell\u00e9s) a les t\u00e8cniques de traducci\u00f3 i confecci\u00f3 de llibres d&#8217;estil (Esther Monz\u00f3 Nebot) passant per l&#8217;ensenyament del valenci\u00e0 com a llengua estrangera (Adri\u00e0 Castells Ferrando).<\/p>\n","protected":false},"excerpt":{"rendered":"<p>Puga ser que hi haja una activitat un poc m\u00e9s baixa del que \u00e9s habitual en este diari, per\u00f2 es deu segurament tant al fet que s&#8217;acosten les vacances, com als vint-i-sisens cursos d&#8217;estius organitzats per la conselleria d&#8217;educaci\u00f3 valenciana, on hi ha molts t\u00e8cnics ling\u00fc\u00edstics passant els matins d&#8217;esta setmana, entre les estad\u00edstiques de [&hellip;]<\/p>\n","protected":false},"author":2,"featured_media":0,"comment_status":"open","ping_status":"open","sticky":false,"template":"","format":"standard","meta":{"footnotes":""},"categories":[10,1],"tags":[135],"class_list":["post-1143","post","type-post","status-publish","format-standard","hentry","category-formacio","category-general","tag-cursos"],"_links":{"self":[{"href":"https:\/\/www.cdlpv.org\/dtl\/wp-json\/wp\/v2\/posts\/1143","targetHints":{"allow":["GET"]}}],"collection":[{"href":"https:\/\/www.cdlpv.org\/dtl\/wp-json\/wp\/v2\/posts"}],"about":[{"href":"https:\/\/www.cdlpv.org\/dtl\/wp-json\/wp\/v2\/types\/post"}],"author":[{"embeddable":true,"href":"https:\/\/www.cdlpv.org\/dtl\/wp-json\/wp\/v2\/users\/2"}],"replies":[{"embeddable":true,"href":"https:\/\/www.cdlpv.org\/dtl\/wp-json\/wp\/v2\/comments?post=1143"}],"version-history":[{"count":0,"href":"https:\/\/www.cdlpv.org\/dtl\/wp-json\/wp\/v2\/posts\/1143\/revisions"}],"wp:attachment":[{"href":"https:\/\/www.cdlpv.org\/dtl\/wp-json\/wp\/v2\/media?parent=1143"}],"wp:term":[{"taxonomy":"category","embeddable":true,"href":"https:\/\/www.cdlpv.org\/dtl\/wp-json\/wp\/v2\/categories?post=1143"},{"taxonomy":"post_tag","embeddable":true,"href":"https:\/\/www.cdlpv.org\/dtl\/wp-json\/wp\/v2\/tags?post=1143"}],"curies":[{"name":"wp","href":"https:\/\/api.w.org\/{rel}","templated":true}]}}