{"id":1139,"date":"2009-06-28T13:08:10","date_gmt":"2009-06-28T12:08:10","guid":{"rendered":"http:\/\/www.cdlpv.org\/dtl\/?p=1139"},"modified":"2009-06-28T13:08:10","modified_gmt":"2009-06-28T12:08:10","slug":"el-tribunal-suprem-espanyol-rebutja-el-recurs-contra-la-filologia-catalana","status":"publish","type":"post","link":"https:\/\/www.cdlpv.org\/dtl\/2009\/06\/28\/el-tribunal-suprem-espanyol-rebutja-el-recurs-contra-la-filologia-catalana\/","title":{"rendered":"El Tribunal Suprem espanyol rebutja el recurs contra la filologia catalana"},"content":{"rendered":"<p>El diari <em>P\u00e0gina 26<\/em> <a href=\"http:\/\/www.pagina26.com\/comunitat-valenciana\/8457-el-suprem-fa-publica-la-segona-sentencia-sobre-el-titol-de-filologia.html\" target=\"_blank\">(26.06.2009)<\/a> en informa sobre l&#8217;\u00faltima sent\u00e8ncia de Tribunal Suprem espanyol relativa a la capacitaci\u00f3 ling\u00fc\u00edstica dels aspirants a funcionaris docents del Pa\u00eds Valenci\u00e0:<\/p>\n<blockquote>\n<h2>El Suprem fa p\u00fablica la segona sent\u00e8ncia sobre el t\u00edtol de Filologia<\/h2>\n<p>En menys d&#8217;una setmana la Generalitat ha perdut dos ju\u00eds m\u00e9s i haur\u00e0 de pagar m\u00e9s de 3.500 euros pel cost del processos. Si dijous era el Tribunal de Just\u00edcia de la Comunitat Valenciana <span class=\"versaleta\">(tsjcv)<\/span> el que donava la ra\u00f3 a la Federaci\u00f3 d&#8217;Ensenyament de Comissions Obreres, en aquesta ocasi\u00f3 ha estat el Tribunal Suprem que ha em\u00e9s una nova sent\u00e8ncia en qu\u00e8 desestima el recurs de cassaci\u00f3 que ha interposat Educaci\u00f3 contra la sent\u00e8ncia de 2005 del <span class=\"versaleta\">tsjcv<\/span>, que va guanyar l&#8217;<span class=\"versaleta\">stepv<\/span> i que donava validesa a la titulaci\u00f3 de Filologia Catalana en les convocat\u00f2ries d&#8217;oposicions. El Suprem, que far\u00e0 pagar els 1.500 euros del proc\u00e9s a la Generalitat, ha fet p\u00fablic una nova sent\u00e8ncia, en aquest cas la segona sobre aquest tema, que s&#8217;han de sumar a les d\u00e8sset anteriors del <span class=\"versaleta\">tsjcv<\/span>.\n<\/p><\/blockquote>\n<p>Podeu trobar M\u00e9s dades sobre esta sent\u00e8ncia en <a href=\"http:\/\/www.adn.es\/local\/valencia\/20090626\/NWS-0916-TS-Filologia-Catalana-conocimiento-oposiciones.html\" target=\"_blank\"><span class=\"versaleta\"><em>adn<\/em><\/span><\/a>; i sobre les sent\u00e8ncies anteriors del <span class=\"versaleta\">ts<\/span> en el <a href=\"http:\/\/www.cdlpv.org\/dtl\/?p=692\"><span class=\"versaleta\"><em>dtl<\/em><\/span><\/a> (12.12.2008).<\/p>\n","protected":false},"excerpt":{"rendered":"<p>El diari P\u00e0gina 26 (26.06.2009) en informa sobre l&#8217;\u00faltima sent\u00e8ncia de Tribunal Suprem espanyol relativa a la capacitaci\u00f3 ling\u00fc\u00edstica dels aspirants a funcionaris docents del Pa\u00eds Valenci\u00e0: El Suprem fa p\u00fablica la segona sent\u00e8ncia sobre el t\u00edtol de Filologia En menys d&#8217;una setmana la Generalitat ha perdut dos ju\u00eds m\u00e9s i haur\u00e0 de pagar m\u00e9s [&hellip;]<\/p>\n","protected":false},"author":2,"featured_media":0,"comment_status":"open","ping_status":"open","sticky":false,"template":"","format":"standard","meta":{"footnotes":""},"categories":[36,45,10,1,14,15,18,24],"tags":[435,484],"class_list":["post-1139","post","type-post","status-publish","format-standard","hentry","category-allofobia","category-ensenyament","category-formacio","category-general","category-jurisprudencia","category-laboral","category-oposicions","category-requisit-linguistic","tag-sentencies","tag-ts"],"_links":{"self":[{"href":"https:\/\/www.cdlpv.org\/dtl\/wp-json\/wp\/v2\/posts\/1139","targetHints":{"allow":["GET"]}}],"collection":[{"href":"https:\/\/www.cdlpv.org\/dtl\/wp-json\/wp\/v2\/posts"}],"about":[{"href":"https:\/\/www.cdlpv.org\/dtl\/wp-json\/wp\/v2\/types\/post"}],"author":[{"embeddable":true,"href":"https:\/\/www.cdlpv.org\/dtl\/wp-json\/wp\/v2\/users\/2"}],"replies":[{"embeddable":true,"href":"https:\/\/www.cdlpv.org\/dtl\/wp-json\/wp\/v2\/comments?post=1139"}],"version-history":[{"count":0,"href":"https:\/\/www.cdlpv.org\/dtl\/wp-json\/wp\/v2\/posts\/1139\/revisions"}],"wp:attachment":[{"href":"https:\/\/www.cdlpv.org\/dtl\/wp-json\/wp\/v2\/media?parent=1139"}],"wp:term":[{"taxonomy":"category","embeddable":true,"href":"https:\/\/www.cdlpv.org\/dtl\/wp-json\/wp\/v2\/categories?post=1139"},{"taxonomy":"post_tag","embeddable":true,"href":"https:\/\/www.cdlpv.org\/dtl\/wp-json\/wp\/v2\/tags?post=1139"}],"curies":[{"name":"wp","href":"https:\/\/api.w.org\/{rel}","templated":true}]}}