{"id":1135,"date":"2009-06-25T13:06:47","date_gmt":"2009-06-25T12:06:47","guid":{"rendered":"http:\/\/www.cdlpv.org\/dtl\/?p=1135"},"modified":"2009-06-25T13:06:47","modified_gmt":"2009-06-25T12:06:47","slug":"politica-linguistica-negativa-en-carcaixent","status":"publish","type":"post","link":"https:\/\/www.cdlpv.org\/dtl\/2009\/06\/25\/politica-linguistica-negativa-en-carcaixent\/","title":{"rendered":"Pol\u00edtica ling\u00fc\u00edstica negativa en Carcaixent"},"content":{"rendered":"<p>Celebr\u00e0vem el <a href=\"http:\/\/www.cdlpv.org\/dtl\/?p=7\" target=\"_blank\">25 de setembe del 2006<\/a> la sent\u00e8ncia\t<a href=\"http:\/\/www.geocities.com\/asensi.geo\/Legis\/Sentencies\/STSJ765-2006.htm\" target=\"_blank\">765\/2006<\/a> de Tribunal Superior de Just\u00edcia valenci\u00e0. M\u00e9s avant, els jutjats van rebutjar el recurs de la Generalitat valenciana contra l&#8217;acord de perfils ling\u00fc\u00edstics del 2002, perfils que establien en Carcaixent nivells ling\u00fc\u00edstics superiors per als habilitats estatals.<\/p>\n<p>Tanmateix, a pesar dels arguments propis fonamentats i de les sent\u00e8ncies favorables al manteniment d&#8217;eixa qualificaci\u00f3 ling\u00fc\u00edstica per a llocs de treball qualificats, una <a href=\"https:\/\/bop.dival.es\/bop\/drvisapi.dll?MIval=DI_VerEdictoVis&#038;idEdicto=1456988&#038;miIdioma=V\" target=\"_blank\">decisi\u00f3 pol\u00edtica<\/a> totalment contr\u00e0ria a l&#8217;inter\u00e9s p\u00fablic \u2014demanar menys qualificaci\u00f3 als funcionaris que m\u00e9s en necessiten\u2014 firmada per Lola Botella Arbona rebaixa l&#8217;exig\u00e8ncia dels habilitats estatals en l&#8217;acc\u00e9s als llocs de treball de Carcaixent (<span class=\"versaleta\"><em>bopv<\/em> 121, 23.05.2009<\/span>):<\/p>\n<blockquote>\n<h2>Ayuntamiento de Carcaixent<br \/>\nEdicto del Ayuntamiento de Carcaixent sobre modificaci\u00f3n de la plantilla org\u00e1nica y la relaci\u00f3n de puestos de trabajo<br \/>\nEDICTO<\/h2>\n[&#8230;]\n<p>SEGUNDO.- MODIFICAR el acuerdo del Ayuntamiento Pleno de fecha 27 de junio de 2.002, respecto al requisito de conocimiento del valenciano exigible a todos los puestos de habilitados estatales, en el sentido de requerir el conocimiento del Nivel Medio, quedando comprometidos los que no puedan acreditar tal nivel de conocimientos en el momento de concursar, a hacerlo en el plazo de cinco a\u00f1os a contar desde la toma de posesi\u00f3n.<\/p>\n[&#8230;]\n<\/p><\/blockquote>\n<p>Tal com es pot observar, a m\u00e9s apareix publicat en castell\u00e0 en la versi\u00f3 valenciana del <span class=\"versaleta\"><em>BOPV<\/em><\/span>, fet que indica que l&#8217;ajuntament els l&#8217;ha rem\u00e9s en castell\u00e0 (si els l&#8217;haguera enviat en valenci\u00e0, apareixeria \u00a1en les dos lleng\u00fces!).<\/p>\n","protected":false},"excerpt":{"rendered":"<p>Celebr\u00e0vem el 25 de setembe del 2006 la sent\u00e8ncia 765\/2006 de Tribunal Superior de Just\u00edcia valenci\u00e0. M\u00e9s avant, els jutjats van rebutjar el recurs de la Generalitat valenciana contra l&#8217;acord de perfils ling\u00fc\u00edstics del 2002, perfils que establien en Carcaixent nivells ling\u00fc\u00edstics superiors per als habilitats estatals. Tanmateix, a pesar dels arguments propis fonamentats i [&hellip;]<\/p>\n","protected":false},"author":2,"featured_media":0,"comment_status":"open","ping_status":"open","sticky":false,"template":"","format":"standard","meta":{"footnotes":""},"categories":[36,4,1,15,23,24,26],"tags":[50,88],"class_list":["post-1135","post","type-post","status-publish","format-standard","hentry","category-allofobia","category-dret","category-general","category-laboral","category-reglaments-linguistics","category-requisit-linguistic","category-serveis-linguistics","tag-administracio-local","tag-carcaixent"],"_links":{"self":[{"href":"https:\/\/www.cdlpv.org\/dtl\/wp-json\/wp\/v2\/posts\/1135","targetHints":{"allow":["GET"]}}],"collection":[{"href":"https:\/\/www.cdlpv.org\/dtl\/wp-json\/wp\/v2\/posts"}],"about":[{"href":"https:\/\/www.cdlpv.org\/dtl\/wp-json\/wp\/v2\/types\/post"}],"author":[{"embeddable":true,"href":"https:\/\/www.cdlpv.org\/dtl\/wp-json\/wp\/v2\/users\/2"}],"replies":[{"embeddable":true,"href":"https:\/\/www.cdlpv.org\/dtl\/wp-json\/wp\/v2\/comments?post=1135"}],"version-history":[{"count":0,"href":"https:\/\/www.cdlpv.org\/dtl\/wp-json\/wp\/v2\/posts\/1135\/revisions"}],"wp:attachment":[{"href":"https:\/\/www.cdlpv.org\/dtl\/wp-json\/wp\/v2\/media?parent=1135"}],"wp:term":[{"taxonomy":"category","embeddable":true,"href":"https:\/\/www.cdlpv.org\/dtl\/wp-json\/wp\/v2\/categories?post=1135"},{"taxonomy":"post_tag","embeddable":true,"href":"https:\/\/www.cdlpv.org\/dtl\/wp-json\/wp\/v2\/tags?post=1135"}],"curies":[{"name":"wp","href":"https:\/\/api.w.org\/{rel}","templated":true}]}}