{"id":1133,"date":"2009-06-25T11:29:48","date_gmt":"2009-06-25T10:29:48","guid":{"rendered":"http:\/\/www.cdlpv.org\/dtl\/?p=1133"},"modified":"2009-06-25T11:29:48","modified_gmt":"2009-06-25T10:29:48","slug":"una-altra-sentencia-que-valida-la-titulacio-de-filologia-catalana","status":"publish","type":"post","link":"https:\/\/www.cdlpv.org\/dtl\/2009\/06\/25\/una-altra-sentencia-que-valida-la-titulacio-de-filologia-catalana\/","title":{"rendered":"Una altra sent\u00e8ncia que valida la titulaci\u00f3 de filologia catalana"},"content":{"rendered":"<p>De nou el Tribunal Superior de Just\u00edcia valenci\u00e0 es permet contradir les decisions il\u00b7legals de la Conselleria d&#8217;Educaci\u00f3 de Font de Mora i Francisco Camps Ortiz. Segons els diari <em>Avui<\/em> <a href=\"http:\/\/www.avui.cat\/cat\/notices\/2009\/06\/els_tribunals_valencians_avalen_un_cop_mes_la_unitat_del_catala_63703.php\" target=\"_blank\">(24.06.2009)<\/a>:<\/p>\n<blockquote>\n<h2>Els tribunals valencians avalen un cop m\u00e9s la unitat del catal\u00e0<\/h2>\n<h3>El TSJPV sentencia que la titulaci\u00f3 de filologia catalana eximeix de proves de valenci\u00e0 en les oposicions i critica la \u00abmanifesta temeritat\u00bb de la Conselleria d&#8217;Educaci\u00f3 valenciana al no complir la quinzena de sent\u00e8ncies emeses ja en el mateix sentit<\/h3>\n[&#8230;]\n<p>La resoluci\u00f3 reitera els arguments esgrimits en sent\u00e8ncies anteriors, incloses les del Tribunal Constitucional, que determinen que \u00abs&#8217;ha de concloure que no existeix ra\u00f3 jur\u00eddica que permeti sostenir que la titulaci\u00f3 en Filologia Catalana no constitueixi titulaci\u00f3 suficient\u00bb ja que amb aquest t\u00edtol s&#8217;avala \u00absobradament el coneixement de la llengua d&#8217;aquesta Comunitat, anomenada oficialment valenciana en el seu Estatut d&#8217;Autonomia, i en l&#8217;\u00e0mbit acad\u00e8mic catalana\u00bb. <\/p>\n[&#8230;]\n<\/blockquote>\n","protected":false},"excerpt":{"rendered":"<p>De nou el Tribunal Superior de Just\u00edcia valenci\u00e0 es permet contradir les decisions il\u00b7legals de la Conselleria d&#8217;Educaci\u00f3 de Font de Mora i Francisco Camps Ortiz. Segons els diari Avui (24.06.2009): Els tribunals valencians avalen un cop m\u00e9s la unitat del catal\u00e0 El TSJPV sentencia que la titulaci\u00f3 de filologia catalana eximeix de proves de [&hellip;]<\/p>\n","protected":false},"author":2,"featured_media":0,"comment_status":"open","ping_status":"open","sticky":false,"template":"","format":"standard","meta":{"footnotes":""},"categories":[36,4,45,1,14],"tags":[485],"class_list":["post-1133","post","type-post","status-publish","format-standard","hentry","category-allofobia","category-dret","category-ensenyament","category-general","category-jurisprudencia","tag-tsj"],"_links":{"self":[{"href":"https:\/\/www.cdlpv.org\/dtl\/wp-json\/wp\/v2\/posts\/1133","targetHints":{"allow":["GET"]}}],"collection":[{"href":"https:\/\/www.cdlpv.org\/dtl\/wp-json\/wp\/v2\/posts"}],"about":[{"href":"https:\/\/www.cdlpv.org\/dtl\/wp-json\/wp\/v2\/types\/post"}],"author":[{"embeddable":true,"href":"https:\/\/www.cdlpv.org\/dtl\/wp-json\/wp\/v2\/users\/2"}],"replies":[{"embeddable":true,"href":"https:\/\/www.cdlpv.org\/dtl\/wp-json\/wp\/v2\/comments?post=1133"}],"version-history":[{"count":0,"href":"https:\/\/www.cdlpv.org\/dtl\/wp-json\/wp\/v2\/posts\/1133\/revisions"}],"wp:attachment":[{"href":"https:\/\/www.cdlpv.org\/dtl\/wp-json\/wp\/v2\/media?parent=1133"}],"wp:term":[{"taxonomy":"category","embeddable":true,"href":"https:\/\/www.cdlpv.org\/dtl\/wp-json\/wp\/v2\/categories?post=1133"},{"taxonomy":"post_tag","embeddable":true,"href":"https:\/\/www.cdlpv.org\/dtl\/wp-json\/wp\/v2\/tags?post=1133"}],"curies":[{"name":"wp","href":"https:\/\/api.w.org\/{rel}","templated":true}]}}