{"id":113,"date":"2007-06-26T12:54:39","date_gmt":"2007-06-26T11:54:39","guid":{"rendered":"http:\/\/www.cdlpv.org\/dtl\/?p=113"},"modified":"2007-06-26T12:54:39","modified_gmt":"2007-06-26T11:54:39","slug":"el-segon-multiplex-per-al-pais-valencia","status":"publish","type":"post","link":"https:\/\/www.cdlpv.org\/dtl\/2007\/06\/26\/el-segon-multiplex-per-al-pais-valencia\/","title":{"rendered":"El segon m\u00faltiplex per al Pa\u00eds Valenci\u00e0 (1)"},"content":{"rendered":"<p>La reemissi\u00f3 de la TV3 al Pa\u00eds Valenci\u00e0 sembla que va resolent-se&#8230; a poc a poc, no f\u00f3ra cas que les coses es feren r\u00e0pidament i sense pol\u00e8miques est\u00e8rils i nocives. Ara cal que dos no es barallen, si un no vol, dir\u00edem.<\/p>\n<p>La not\u00edcia \u00e9s d&#8217;<em>El Pa\u00eds<\/em> <a href=\"http:\/\/www.elpais.com\/articulo\/Comunidad\/Valenciana\/Clos\/firma\/multiplex\/mantener\/TV3\/Rambla\/desconoce\/elpepuespval\/20070626elpval_10\/Tes\" target=\"_blank\">(dt. 26.06.2003)<\/a> &mdash;tradu\u00efda amb el suport de l&#8217;Internostrum&mdash;:<\/p>\n<blockquote>\n<h2>Clos signa el m\u00faltiplex per a mantenir TV3 i Rambla ho desconeix<\/h2>\n<h5>AG\u00c8NCIES &#8211; Val\u00e8ncia &#8211; 26.06.2007<\/h5>\n<p>El ministre d&#8217;Ind\u00fastria, Joan Clos, va signar la passada setmana l&#8217;ordre per la qual s&#8217;anticipa la planificaci\u00f3 del segon m\u00faltiplex digital d&#8217;\u00e0mbit auton\u00f2mic de la Comunitat Valenciana. Segons fonts d&#8217;este departament, la soluci\u00f3 que hi havia per a la continu\u00eftat de les emissions de TV3 en la comunitat, davant la decisi\u00f3 de la Generalitat valenciana de tancar-les, era la d&#8217;arribar a un acord de reciprocitat entre els dos governs auton\u00f2mics, cosa que requeria un segon m\u00faltiplex perqu\u00e8, en cas contrari, no hi havia freq\u00fc\u00e8ncia. Per aix\u00f2, una vegada que l&#8217;executiu central ha signat l&#8217;ordre per la qual s&#8217;anticipa la planificaci\u00f3 del segon m\u00faltiplex, el seg\u00fcent pas seria la signatura del corresponent conveni de col\u00b7laboraci\u00f3 entre les dos comunitats aut\u00f2nomes. Quan el conveni siga rebut pel Ministeri d&#8217;Ind\u00fastria, este determinar\u00e0 les freq\u00fc\u00e8ncies a utilitzar perqu\u00e8 les respectives cadenes es puguen emetre en l&#8217;altra autonomia.<\/p>\n<p>No obstant aix\u00f2, el conseller de Relacions Institucionals i Comunicaci\u00f3, Vicente Rambla, va afirmar que el Consell \u00abno t\u00e9 coneixement oficial\u00bb de l&#8217;autoritzaci\u00f3 d&#8217;un segon m\u00faltiplex i va assenyalar que mentre no siga comunicat oficialment \u00abno es podr\u00e0 avan\u00e7ar en les converses per a la difusi\u00f3 rec\u00edproca de dos canals auton\u00f2mics\u00bb.\n<\/p><\/blockquote>\n","protected":false},"excerpt":{"rendered":"<p>La reemissi\u00f3 de la TV3 al Pa\u00eds Valenci\u00e0 sembla que va resolent-se&#8230; a poc a poc, no f\u00f3ra cas que les coses es feren r\u00e0pidament i sense pol\u00e8miques est\u00e8rils i nocives. Ara cal que dos no es barallen, si un no vol, dir\u00edem. La not\u00edcia \u00e9s d&#8217;El Pa\u00eds (dt. 26.06.2003) &mdash;tradu\u00efda amb el suport de [&hellip;]<\/p>\n","protected":false},"author":2,"featured_media":0,"comment_status":"open","ping_status":"open","sticky":false,"template":"","format":"standard","meta":{"footnotes":""},"categories":[2,1,19,34],"tags":[],"class_list":["post-113","post","type-post","status-publish","format-standard","hentry","category-comunicacio","category-general","category-politica","category-tv3"],"_links":{"self":[{"href":"https:\/\/www.cdlpv.org\/dtl\/wp-json\/wp\/v2\/posts\/113","targetHints":{"allow":["GET"]}}],"collection":[{"href":"https:\/\/www.cdlpv.org\/dtl\/wp-json\/wp\/v2\/posts"}],"about":[{"href":"https:\/\/www.cdlpv.org\/dtl\/wp-json\/wp\/v2\/types\/post"}],"author":[{"embeddable":true,"href":"https:\/\/www.cdlpv.org\/dtl\/wp-json\/wp\/v2\/users\/2"}],"replies":[{"embeddable":true,"href":"https:\/\/www.cdlpv.org\/dtl\/wp-json\/wp\/v2\/comments?post=113"}],"version-history":[{"count":0,"href":"https:\/\/www.cdlpv.org\/dtl\/wp-json\/wp\/v2\/posts\/113\/revisions"}],"wp:attachment":[{"href":"https:\/\/www.cdlpv.org\/dtl\/wp-json\/wp\/v2\/media?parent=113"}],"wp:term":[{"taxonomy":"category","embeddable":true,"href":"https:\/\/www.cdlpv.org\/dtl\/wp-json\/wp\/v2\/categories?post=113"},{"taxonomy":"post_tag","embeddable":true,"href":"https:\/\/www.cdlpv.org\/dtl\/wp-json\/wp\/v2\/tags?post=113"}],"curies":[{"name":"wp","href":"https:\/\/api.w.org\/{rel}","templated":true}]}}