{"id":1128,"date":"2009-06-23T12:26:19","date_gmt":"2009-06-23T11:26:19","guid":{"rendered":"http:\/\/www.cdlpv.org\/dtl\/?p=1128"},"modified":"2009-06-23T12:26:19","modified_gmt":"2009-06-23T11:26:19","slug":"sessio-de-presentacio-en-el-termcat","status":"publish","type":"post","link":"https:\/\/www.cdlpv.org\/dtl\/2009\/06\/23\/sessio-de-presentacio-en-el-termcat\/","title":{"rendered":"Sessi\u00f3 de presentaci\u00f3 en el Termcat"},"content":{"rendered":"<p>Marta Torres Vilatarsana ens envia a trav\u00e9s d&#8217;InfoZ\u00e8fir la informaci\u00f3 seg\u00fcent:<\/p>\n<blockquote>\n<h2>Sessi\u00f3 de presentaci\u00f3<\/h2>\n<p>El dia 10 de juliol, de 10 a 11.30 h, el Termcat organitza a la seu del Centre una sessi\u00f3 de presentaci\u00f3 dels continguts de <em>Bibliografia: Criteris de presentaci\u00f3 en els treballs terminol\u00f2gics,<\/em> una guia metodol\u00f2gica que presenta els criteris que aplica el Centre de Terminologia en la composici\u00f3 de les bibliografies que acompanyen els diccionaris o altres obres terminol\u00f2giques.<\/p>\n<p>Les convencions que s\u2019hi sistematitzen s\u00f3n d\u2019inter\u00e8s per a l\u2019\u00e0mbit editorial i de la documentaci\u00f3, per a especialistes en terminologia i lexicografia, i, en general, per a qualsevol persona que hagi d\u2019elaborar bibliografies en el context de treballs acad\u00e8mics i d\u2019investigaci\u00f3 o en el marc de tota mena de publicacions.<\/p>\n<p>L\u2019obra representa el sis\u00e8 volum de la col\u00b7lecci\u00f3 \u00abEn Primer Terme\u00bb, amb la qual el Termcat fa p\u00fablics aspectes metodol\u00f2gics d\u2019inter\u00e8s general i comparteix l\u2019experi\u00e8ncia de m\u00e9s de vint anys d\u2019activitat, amb la voluntat d\u2019estimular i facilitar la col\u00b7laboraci\u00f3 de tothom que pugui estar interessat en el desenvolupament de la terminologia en llengua catalana.<\/p>\n<p>Us preguem que confirmeu l\u2019assist\u00e8ncia a l\u2019acte abans del dia 6 de juliol, a l\u2019adre\u00e7a <em><a href=\"mailto:informacio@termcat.cat\" target=\"_blank\">informacio@termcat.cat<\/a>.<\/em><\/p>\n<p>Font: <a href=\"www.termcat.cat\" target=\"_blank\">Termcat<\/a>\n<\/p><\/blockquote>\n","protected":false},"excerpt":{"rendered":"<p>Marta Torres Vilatarsana ens envia a trav\u00e9s d&#8217;InfoZ\u00e8fir la informaci\u00f3 seg\u00fcent: Sessi\u00f3 de presentaci\u00f3 El dia 10 de juliol, de 10 a 11.30 h, el Termcat organitza a la seu del Centre una sessi\u00f3 de presentaci\u00f3 dels continguts de Bibliografia: Criteris de presentaci\u00f3 en els treballs terminol\u00f2gics, una guia metodol\u00f2gica que presenta els criteris que [&hellip;]<\/p>\n","protected":false},"author":2,"featured_media":0,"comment_status":"open","ping_status":"open","sticky":false,"template":"","format":"standard","meta":{"footnotes":""},"categories":[2,10,1,30],"tags":[467],"class_list":["post-1128","post","type-post","status-publish","format-standard","hentry","category-comunicacio","category-formacio","category-general","category-terminologia","tag-termcat"],"_links":{"self":[{"href":"https:\/\/www.cdlpv.org\/dtl\/wp-json\/wp\/v2\/posts\/1128","targetHints":{"allow":["GET"]}}],"collection":[{"href":"https:\/\/www.cdlpv.org\/dtl\/wp-json\/wp\/v2\/posts"}],"about":[{"href":"https:\/\/www.cdlpv.org\/dtl\/wp-json\/wp\/v2\/types\/post"}],"author":[{"embeddable":true,"href":"https:\/\/www.cdlpv.org\/dtl\/wp-json\/wp\/v2\/users\/2"}],"replies":[{"embeddable":true,"href":"https:\/\/www.cdlpv.org\/dtl\/wp-json\/wp\/v2\/comments?post=1128"}],"version-history":[{"count":0,"href":"https:\/\/www.cdlpv.org\/dtl\/wp-json\/wp\/v2\/posts\/1128\/revisions"}],"wp:attachment":[{"href":"https:\/\/www.cdlpv.org\/dtl\/wp-json\/wp\/v2\/media?parent=1128"}],"wp:term":[{"taxonomy":"category","embeddable":true,"href":"https:\/\/www.cdlpv.org\/dtl\/wp-json\/wp\/v2\/categories?post=1128"},{"taxonomy":"post_tag","embeddable":true,"href":"https:\/\/www.cdlpv.org\/dtl\/wp-json\/wp\/v2\/tags?post=1128"}],"curies":[{"name":"wp","href":"https:\/\/api.w.org\/{rel}","templated":true}]}}