{"id":1120,"date":"2009-06-19T12:55:57","date_gmt":"2009-06-19T11:55:57","guid":{"rendered":"http:\/\/www.cdlpv.org\/dtl\/?p=1120"},"modified":"2009-06-19T12:55:57","modified_gmt":"2009-06-19T11:55:57","slug":"flaixos-sobre-legislacio-linguistica-diccionaris-i-dades-sociolinguistiques","status":"publish","type":"post","link":"https:\/\/www.cdlpv.org\/dtl\/2009\/06\/19\/flaixos-sobre-legislacio-linguistica-diccionaris-i-dades-sociolinguistiques\/","title":{"rendered":"Flaixos sobre legislaci\u00f3 ling\u00fc\u00edstica, diccionaris i dades socioling\u00fc\u00edstiques"},"content":{"rendered":"<p>Els <em>Flaixos d&#8217;Actualitat<\/em> (<a href=\"http:\/\/www20.gencat.cat\/portal\/site\/Llengcat\/menuitem.08f45c9e3857090e3285bdb1b0c0e1a0\/?vgnextoid=cedaaa22b7103110VgnVCM1000008d0c1e0aRCRD&#038;vgnextchannel=cedaaa22b7103110VgnVCM1000008d0c1e0aRCRD&#038;vgnextfmt=default\" target=\"_blank\">n\u00fam. 36<\/a>, 17.06.2009) ens envien, entre altres, la informaci\u00f3 seg\u00fcent:<\/p>\n<blockquote>\n<h2>Els panells de missatges variables de les carreteres estatals<\/h3>\n<p>La Resoluci\u00f3 d&#8217;1 de juny de 2009 (BOE 143, del 13 de juny del 2009 <a href=\"http:\/\/www.boe.es\/boe\/dias\/2009\/06\/13\/pdfs\/BOE-A-2009-9838.pdf\" target=\"_blank\"><span class=\"versaleta\">[pdf]<\/span><\/a>), de la Direcci\u00f3 General de Tr\u00e0nsit de l&#8217;Estat, per la qual s&#8217;aprova el Manual de Senyalitzaci\u00f3 Variable, preveu (annex I, criteri 1, principi 8<tt><\/tt>) que, a la xarxa vi\u00e0ria de les comunitats aut\u00f2nomes amb lleng\u00fces cooficials on l&#8217;Organisme Aut\u00f2nom Prefectura Central de Tr\u00e0nsit exerceix les seves compet\u00e8ncies, els plafons amb missatges variables s&#8217;han de reproduir en dos missatges alternats: l&#8217;un d&#8217;acord amb els models en castell\u00e0 i l&#8217;altre en la llengua oficial pr\u00f2pia.<\/p>\n<h2>Novetat editorial<\/h2>\n<p><em>Diccionari UB angl\u00e8s-catal\u00e0.<\/em> Barcelona: Edicions i Publicacions de la Universitat de Barcelona: Thera, Centre de Llenguatges i Computaci\u00f3, 2008. 1.056 p.<\/p>\n<p>Diccionari elaborat conjuntament per especialistes en diferents \u00e0mbits relacionats amb el llenguatge amb la doble finalitat de proporcionar un producte \u00fatil tant a especialistes com a p\u00fablic en general, des de l&#8217;\u00e0mbit catal\u00e0 i tamb\u00e9 l&#8217;anglosax\u00f3.<\/p>\n<p>Incorpora una versi\u00f3 electr\u00f2nica. Per a m\u00e9s informaci\u00f3: <a href=\"http:\/\/diccengcat.ub.es\" target=\"_blank\">http:\/\/diccengcat.ub.es<\/a><br \/>\nDes del web <a href=\"http:\/\/www.publicacions.ub.es\/\" target=\"_blank\">http:\/\/www.publicacions.ub.es\/<\/a> es pot fullejar la publicaci\u00f3 impresa.<\/p>\n<h2>Informe sobre la situaci\u00f3 de la llengua catalana (2005-2007)<\/h2>\n<p>L&#8217;11 de juny es va presentar p\u00fablicament l&#8217;informe elaborat per la Xarxa CRUSCAT de l&#8217;Institut d&#8217;Estudis Catalans per a l&#8217;Observatori de la Llengua Catalana. L&#8217;Informe sobre la situaci\u00f3 de la llengua catalana (2005-2007) abasta la realitat socioling\u00fc\u00edstica de tots el territoris de parla catalana i analitza la situaci\u00f3 del catal\u00e0 tant des del punt de vista normatiu \u2014a partir de l&#8217;entrada en vigor dels nous estatuts d&#8217;autonomia\u2014 com des del punt de vista social \u2014valorant-ne la situaci\u00f3 en l&#8217;\u00fas familiar i interpersonal\u2014. L&#8217;informe tamb\u00e9 estudia la situaci\u00f3 en els mitjans de comunicaci\u00f3 i la ind\u00fastria cultural i exposa les perspectives de la llengua a l&#8217;ensenyament primari, secundari i universitari.<\/p>\n<p>Es pot consultar a: <a href=\"http:\/\/www.demolinguistica.cat\/web\/\" target=\"_blank\">http:\/\/www.demolinguistica.cat\/web\/<\/a>\n<\/p><\/blockquote>\n","protected":false},"excerpt":{"rendered":"<p>Els Flaixos d&#8217;Actualitat (n\u00fam. 36, 17.06.2009) ens envien, entre altres, la informaci\u00f3 seg\u00fcent: Els panells de missatges variables de les carreteres estatals La Resoluci\u00f3 d&#8217;1 de juny de 2009 (BOE 143, del 13 de juny del 2009 [pdf]), de la Direcci\u00f3 General de Tr\u00e0nsit de l&#8217;Estat, per la qual s&#8217;aprova el Manual de Senyalitzaci\u00f3 Variable, [&hellip;]<\/p>\n","protected":false},"author":2,"featured_media":0,"comment_status":"open","ping_status":"open","sticky":false,"template":"","format":"standard","meta":{"footnotes":""},"categories":[4,1,16,27],"tags":[60,177,206,274],"class_list":["post-1120","post","type-post","status-publish","format-standard","hentry","category-dret","category-general","category-lexicografia","category-sociolinguistica","tag-angles","tag-enquestes","tag-flaixos-dactualitat","tag-legislacio"],"_links":{"self":[{"href":"https:\/\/www.cdlpv.org\/dtl\/wp-json\/wp\/v2\/posts\/1120","targetHints":{"allow":["GET"]}}],"collection":[{"href":"https:\/\/www.cdlpv.org\/dtl\/wp-json\/wp\/v2\/posts"}],"about":[{"href":"https:\/\/www.cdlpv.org\/dtl\/wp-json\/wp\/v2\/types\/post"}],"author":[{"embeddable":true,"href":"https:\/\/www.cdlpv.org\/dtl\/wp-json\/wp\/v2\/users\/2"}],"replies":[{"embeddable":true,"href":"https:\/\/www.cdlpv.org\/dtl\/wp-json\/wp\/v2\/comments?post=1120"}],"version-history":[{"count":0,"href":"https:\/\/www.cdlpv.org\/dtl\/wp-json\/wp\/v2\/posts\/1120\/revisions"}],"wp:attachment":[{"href":"https:\/\/www.cdlpv.org\/dtl\/wp-json\/wp\/v2\/media?parent=1120"}],"wp:term":[{"taxonomy":"category","embeddable":true,"href":"https:\/\/www.cdlpv.org\/dtl\/wp-json\/wp\/v2\/categories?post=1120"},{"taxonomy":"post_tag","embeddable":true,"href":"https:\/\/www.cdlpv.org\/dtl\/wp-json\/wp\/v2\/tags?post=1120"}],"curies":[{"name":"wp","href":"https:\/\/api.w.org\/{rel}","templated":true}]}}