{"id":1114,"date":"2009-06-15T13:30:16","date_gmt":"2009-06-15T12:30:16","guid":{"rendered":"http:\/\/www.cdlpv.org\/dtl\/?p=1114"},"modified":"2009-06-15T13:30:16","modified_gmt":"2009-06-15T12:30:16","slug":"apareix-el-numero-51-de-la-revista-de-llengua-i-dret","status":"publish","type":"post","link":"https:\/\/www.cdlpv.org\/dtl\/2009\/06\/15\/apareix-el-numero-51-de-la-revista-de-llengua-i-dret\/","title":{"rendered":"Apareix el n\u00famero 51 de la Revista de Llengua i Dret"},"content":{"rendered":"<p>Marta Torres Vilatarsana envia a trav\u00e9s d&#8217;InfoZ\u00e8fir la informaci\u00f3 seg\u00fcent:<\/p>\n<blockquote><p>\nJa est\u00e0 disponible la <a href=\"http:\/\/www10.gencat.cat\/eapc_rld\" target=\"_blank\">versi\u00f3 electr\u00f2nica<\/a> del n\u00fam. 51 de la <em>Revista de Llengua i Dret,<\/em> que inclou les pon\u00e8ncies del 25\u00e8 Aniversari de la Revista.<\/p>\n<p>Pel que fa a aquesta versi\u00f3 electr\u00f2nica, aprofitem l\u2019avinentesa per informar-vos que hem eliminat la formalitat del registre i que per tant podeu accedir a tots els articles de tots els n\u00fameros sense necessitat d\u2019usuari i contrasenya.<\/p>\n<p>Font: Antoni Milian i Massana\n<\/p><\/blockquote>\n<p>Cal destacar l&#8217;an\u00e0lisi que fan Eva Pons i Agust\u00ed Pou de la sent\u00e8ncia relativa al cas d&#8217;unes oposicions a policia en Massanassa. \u00c9s una nota interessant per als t\u00e8cnics ling\u00fc\u00edstics, ja que mostra alguna de les coses que cal tindre en compte a l&#8217;hora de col\u00b7laborar en l&#8217;assessorament dels tribunals d&#8217;oposicions:<\/p>\n<blockquote><p>La Sent\u00e8ncia de 28 de gener de 2008 anul\u00b7la un exercici ling\u00fc\u00edstic obligatori no eliminatori en una convocat\u00f2ria per a unes places de policia local del municipi de Massanassa. La resoluci\u00f3, tot i recon\u00e8ixer el marge de discrecionalitat de la comissi\u00f3 avaluadora, es basa en la manca de criteris previs i p\u00fablics [&#8230;]\n<div align=\"right\">Article complet: <a href=\"http:\/\/www10.gencat.net\/eapc_rld\/revistes\/revista.2008-12-02.1415701122\/Tribunal_Suprem__Audiencia_Nacional_i_Direccio_General_dels_Registres_i_del_Notariat\/ca\/at_download\/adjunt\" target=\"_blank\"><span class=\"versaleta\">pdf<\/span><\/a><\/div>\n<\/blockquote>\n","protected":false},"excerpt":{"rendered":"<p>Marta Torres Vilatarsana envia a trav\u00e9s d&#8217;InfoZ\u00e8fir la informaci\u00f3 seg\u00fcent: Ja est\u00e0 disponible la versi\u00f3 electr\u00f2nica del n\u00fam. 51 de la Revista de Llengua i Dret, que inclou les pon\u00e8ncies del 25\u00e8 Aniversari de la Revista. Pel que fa a aquesta versi\u00f3 electr\u00f2nica, aprofitem l\u2019avinentesa per informar-vos que hem eliminat la formalitat del registre i [&hellip;]<\/p>\n","protected":false},"author":2,"featured_media":0,"comment_status":"open","ping_status":"open","sticky":false,"template":"","format":"standard","meta":{"footnotes":""},"categories":[3,4,1,14,24],"tags":[417],"class_list":["post-1114","post","type-post","status-publish","format-standard","hentry","category-documentacio","category-dret","category-general","category-jurisprudencia","category-requisit-linguistic","tag-revistes"],"_links":{"self":[{"href":"https:\/\/www.cdlpv.org\/dtl\/wp-json\/wp\/v2\/posts\/1114","targetHints":{"allow":["GET"]}}],"collection":[{"href":"https:\/\/www.cdlpv.org\/dtl\/wp-json\/wp\/v2\/posts"}],"about":[{"href":"https:\/\/www.cdlpv.org\/dtl\/wp-json\/wp\/v2\/types\/post"}],"author":[{"embeddable":true,"href":"https:\/\/www.cdlpv.org\/dtl\/wp-json\/wp\/v2\/users\/2"}],"replies":[{"embeddable":true,"href":"https:\/\/www.cdlpv.org\/dtl\/wp-json\/wp\/v2\/comments?post=1114"}],"version-history":[{"count":0,"href":"https:\/\/www.cdlpv.org\/dtl\/wp-json\/wp\/v2\/posts\/1114\/revisions"}],"wp:attachment":[{"href":"https:\/\/www.cdlpv.org\/dtl\/wp-json\/wp\/v2\/media?parent=1114"}],"wp:term":[{"taxonomy":"category","embeddable":true,"href":"https:\/\/www.cdlpv.org\/dtl\/wp-json\/wp\/v2\/categories?post=1114"},{"taxonomy":"post_tag","embeddable":true,"href":"https:\/\/www.cdlpv.org\/dtl\/wp-json\/wp\/v2\/tags?post=1114"}],"curies":[{"name":"wp","href":"https:\/\/api.w.org\/{rel}","templated":true}]}}