{"id":1103,"date":"2009-06-11T12:25:21","date_gmt":"2009-06-11T11:25:21","guid":{"rendered":"http:\/\/www.cdlpv.org\/dtl\/?p=1103"},"modified":"2009-06-11T12:25:21","modified_gmt":"2009-06-11T11:25:21","slug":"ensenyament-altruista","status":"publish","type":"post","link":"https:\/\/www.cdlpv.org\/dtl\/2009\/06\/11\/ensenyament-altruista\/","title":{"rendered":"Ensenyament altruista"},"content":{"rendered":"<p>Podem llegir en el diari <em>El Pa\u00eds<\/em> <a href=\"http:\/\/www.elpais.com\/articulo\/Comunidad\/Valenciana\/Profesores\/ofrecen\/dar\/valenciano\/forma\/altruista\/elpepiespval\/20090610elpval_13\/Tes\" target=\"_blank\">(10.06.2009)<\/a>:<\/p>\n<blockquote>\n<h2>Profesors s&#8217;oferixen a donar valenci\u00e0 de forma altruista<\/h2>\n<h3>N. C. &#8211; Val\u00e8ncia &#8211; 10.06.2009<\/h3>\n<p>Davant de la supressi\u00f3 de grups en valenci\u00e0 oficiada per la Conselleria d&#8217;Educaci\u00f3 de la Generalitat, un grup de docents de l&#8217;IES Ramon Llull de Val\u00e8ncia s&#8217;han oferit a continuar impartint classes en valenci\u00e0, \u00abde forma desinteressada i altruista\u00bb \u2014\u00e9s a dir, sense que represente cap cost d&#8217;increment horari per a l&#8217;administraci\u00f3\u2014 a fi que \u00abels alumnes de 1r curs de Batxillerat estiguen atesos en valenci\u00e0 en el seu centre\u00bb.\n<\/p><\/blockquote>\n<p>Deu ser una estrat\u00e8gia contra la crisi econ\u00f2mica, que pot ser que podrem salvar-la gr\u00e0cies al voluntarisme i a l&#8217;altruisme, tal com demostren cada dia els sectors bancaris i financers. Sense oblidar, \u00e9s clar, el m\u00e0xim exemple que es d\u00f3na des del sector pol\u00edtic i institucional, on hi ha qui regala obres als amics empresaris, i on hi ha qui accepta vestits i cotxes d&#8217;eixos amics empresaris. Ara b\u00e9, a\u00e7\u00f2 sembla altruisme, per\u00f2 debades no sembla que ho facen.<\/p>\n<p>Pel que fa a les lleng\u00fces, el castell\u00e0 \u00e9s un deure i, per tant, l&#8217;aprenem (gratu\u00eftament o pagant), perqu\u00e8 \u00e9s obligatori, i a pesar que pot ser que no el parlem mai. El valenci\u00e0, en canvi, en temps de crisi, \u00e9s un valor afegit, quasi un luxe. Per aix\u00f2 l&#8217;hem de compartir i ensenyar, i res millor que ensenyar amb l&#8217;exemple, amb l&#8217;\u00fas, i amb la generositat que mostren els professors de l&#8217;institut.<\/p>\n<p>El que no queda clar \u00e9s si la mesura s&#8217;hauria d&#8217;estendre a les matem\u00e0tiques o la f\u00edsica, perqu\u00e8 d&#8217;aix\u00f2 tampoc estem massa ben atesos. Segurament s\u00ed, cal m\u00e9s altruisme, i segurament podr\u00edem ajustar una miqueta millor els preus.<\/p>\n","protected":false},"excerpt":{"rendered":"<p>Podem llegir en el diari El Pa\u00eds (10.06.2009): Profesors s&#8217;oferixen a donar valenci\u00e0 de forma altruista N. C. &#8211; Val\u00e8ncia &#8211; 10.06.2009 Davant de la supressi\u00f3 de grups en valenci\u00e0 oficiada per la Conselleria d&#8217;Educaci\u00f3 de la Generalitat, un grup de docents de l&#8217;IES Ramon Llull de Val\u00e8ncia s&#8217;han oferit a continuar impartint classes en [&hellip;]<\/p>\n","protected":false},"author":2,"featured_media":0,"comment_status":"open","ping_status":"open","sticky":false,"template":"","format":"standard","meta":{"footnotes":""},"categories":[36,45,10,1,15],"tags":[57],"class_list":["post-1103","post","type-post","status-publish","format-standard","hentry","category-allofobia","category-ensenyament","category-formacio","category-general","category-laboral","tag-altruisme"],"_links":{"self":[{"href":"https:\/\/www.cdlpv.org\/dtl\/wp-json\/wp\/v2\/posts\/1103","targetHints":{"allow":["GET"]}}],"collection":[{"href":"https:\/\/www.cdlpv.org\/dtl\/wp-json\/wp\/v2\/posts"}],"about":[{"href":"https:\/\/www.cdlpv.org\/dtl\/wp-json\/wp\/v2\/types\/post"}],"author":[{"embeddable":true,"href":"https:\/\/www.cdlpv.org\/dtl\/wp-json\/wp\/v2\/users\/2"}],"replies":[{"embeddable":true,"href":"https:\/\/www.cdlpv.org\/dtl\/wp-json\/wp\/v2\/comments?post=1103"}],"version-history":[{"count":0,"href":"https:\/\/www.cdlpv.org\/dtl\/wp-json\/wp\/v2\/posts\/1103\/revisions"}],"wp:attachment":[{"href":"https:\/\/www.cdlpv.org\/dtl\/wp-json\/wp\/v2\/media?parent=1103"}],"wp:term":[{"taxonomy":"category","embeddable":true,"href":"https:\/\/www.cdlpv.org\/dtl\/wp-json\/wp\/v2\/categories?post=1103"},{"taxonomy":"post_tag","embeddable":true,"href":"https:\/\/www.cdlpv.org\/dtl\/wp-json\/wp\/v2\/tags?post=1103"}],"curies":[{"name":"wp","href":"https:\/\/api.w.org\/{rel}","templated":true}]}}