{"id":1100,"date":"2009-06-05T13:24:52","date_gmt":"2009-06-05T12:24:52","guid":{"rendered":"http:\/\/www.cdlpv.org\/dtl\/?p=1100"},"modified":"2009-06-05T13:24:52","modified_gmt":"2009-06-05T12:24:52","slug":"diccionari-visual-multilingue","status":"publish","type":"post","link":"https:\/\/www.cdlpv.org\/dtl\/2009\/06\/05\/diccionari-visual-multilingue\/","title":{"rendered":"Diccionari visual multiling\u00fce"},"content":{"rendered":"<p>Magdalena Ramon ens envia a trav\u00e9s d&#8217;InfoZ\u00e8fir la informaci\u00f3 seg\u00fcent:<\/p>\n<blockquote>\n<h2>Nou material de catal\u00e0 inicial: <em>Diccionari visual<\/em><\/h2>\n<p>Recentment s\u2019ha editat el <em>Diccionari visual,<\/em> una petita publicaci\u00f3, en color i de format atractiu i manejad\u00eds, que ofereix un primer contacte amb la llengua catalana mitjan\u00e7ant imatges que representen el vocabulari m\u00e9s quotidi\u00e0, amb la corresponent denominaci\u00f3 en catal\u00e0, agrupades per centres d\u2019inter\u00e8s: el poble i la ciutat, el parc, la casa, la fam\u00edlia, les verdures&#8230; A m\u00e9s, cont\u00e9 un recull multiling\u00fce de frases d\u2019\u00fas corrent en catal\u00e0, castell\u00e0, angl\u00e8s, franc\u00e8s, alemany, \u00e0rab i xin\u00e8s.<\/p>\n<p>L\u2019edici\u00f3 d\u2019aquest material ha estat fruit de la iniciativa de la Direcci\u00f3 Insular de Pol\u00edtica Ling\u00fc\u00edstica del Consell de Mallorca i de l\u2019\u00c0rea de Cultura, Patrimoni i Pol\u00edtica Ling\u00fc\u00edstica de l\u2019Ajuntament de Palma, i ha comptat amb la col\u00b7laboraci\u00f3 del Govern de les Illes Balears i el Centre Balears Europa.<\/p>\n<p>El Diccionari visual \u00e9s accessible en format <span class=\"versaleta\">pdf<\/span> a la p\u00e0gina web <a href=\"\" target=\"_blank\"><em>www.conselldemallorca.cat<\/em><\/a>: <a href=\"http:\/\/www.conselldemallorca.cat\/media\/12521\/DICCIONARI%20VISUAL.pdf\" target=\"_blank\"><em>Diccionari visual<\/em><\/a><\/p>\n<p>Secci\u00f3 de Dinamitzaci\u00f3<br \/>\nDirecci\u00f3 Insular de Pol\u00edtica Ling\u00fc\u00edstica<br \/>\nDepartament de Cultura i Patrimoni<br \/>\nConsell de Mallorca<br \/>\nPl. de l&#8217;Hospital, 4<br \/>\n07012 Palma<br \/>\nTel.: +(34) 971 219 595<br \/>\nFax: 971 219 640<\/p>\n<p><a href=\"www.conselldemallorca.cat\" target=\"_blank\"><em>www.conselldemallorca.cat<\/em><\/a>\n<\/p><\/blockquote>\n","protected":false},"excerpt":{"rendered":"<p>Magdalena Ramon ens envia a trav\u00e9s d&#8217;InfoZ\u00e8fir la informaci\u00f3 seg\u00fcent: Nou material de catal\u00e0 inicial: Diccionari visual Recentment s\u2019ha editat el Diccionari visual, una petita publicaci\u00f3, en color i de format atractiu i manejad\u00eds, que ofereix un primer contacte amb la llengua catalana mitjan\u00e7ant imatges que representen el vocabulari m\u00e9s quotidi\u00e0, amb la corresponent denominaci\u00f3 [&hellip;]<\/p>\n","protected":false},"author":2,"featured_media":0,"comment_status":"open","ping_status":"open","sticky":false,"template":"","format":"standard","meta":{"footnotes":""},"categories":[3,10,1,16,30],"tags":[144,240],"class_list":["post-1100","post","type-post","status-publish","format-standard","hentry","category-documentacio","category-formacio","category-general","category-lexicografia","category-terminologia","tag-diccionaris","tag-illes-balears"],"_links":{"self":[{"href":"https:\/\/www.cdlpv.org\/dtl\/wp-json\/wp\/v2\/posts\/1100","targetHints":{"allow":["GET"]}}],"collection":[{"href":"https:\/\/www.cdlpv.org\/dtl\/wp-json\/wp\/v2\/posts"}],"about":[{"href":"https:\/\/www.cdlpv.org\/dtl\/wp-json\/wp\/v2\/types\/post"}],"author":[{"embeddable":true,"href":"https:\/\/www.cdlpv.org\/dtl\/wp-json\/wp\/v2\/users\/2"}],"replies":[{"embeddable":true,"href":"https:\/\/www.cdlpv.org\/dtl\/wp-json\/wp\/v2\/comments?post=1100"}],"version-history":[{"count":0,"href":"https:\/\/www.cdlpv.org\/dtl\/wp-json\/wp\/v2\/posts\/1100\/revisions"}],"wp:attachment":[{"href":"https:\/\/www.cdlpv.org\/dtl\/wp-json\/wp\/v2\/media?parent=1100"}],"wp:term":[{"taxonomy":"category","embeddable":true,"href":"https:\/\/www.cdlpv.org\/dtl\/wp-json\/wp\/v2\/categories?post=1100"},{"taxonomy":"post_tag","embeddable":true,"href":"https:\/\/www.cdlpv.org\/dtl\/wp-json\/wp\/v2\/tags?post=1100"}],"curies":[{"name":"wp","href":"https:\/\/api.w.org\/{rel}","templated":true}]}}