{"id":1089,"date":"2009-05-28T18:04:56","date_gmt":"2009-05-28T17:04:56","guid":{"rendered":"http:\/\/www.cdlpv.org\/dtl\/?p=1089"},"modified":"2009-05-28T18:04:56","modified_gmt":"2009-05-28T17:04:56","slug":"acpv-i-lstepv-denuncien-el-conseller-font-de-mora","status":"publish","type":"post","link":"https:\/\/www.cdlpv.org\/dtl\/2009\/05\/28\/acpv-i-lstepv-denuncien-el-conseller-font-de-mora\/","title":{"rendered":"ACPV i l&#8217;STEPV denuncien el conseller Font de Mora"},"content":{"rendered":"<p>Acci\u00f3 Cultural del Pa\u00eds Valenci\u00e0 ens fa arribar la nota de premsa seg\u00fcent:<\/p>\n<blockquote>\n<h2><span class=\"versaleta\">acpv<\/span> i l\u2019<span class=\"versaleta\">stepv<\/span> denuncien el conseller Font de Mora per no respectar les diverses sent\u00e8ncies judicials que validen la unitat de la llengua i la legalitat de la denominaci\u00f3 de \u00abcatal\u00e0\u00bb<\/h2>\n<p>Toni Gisbert, coordinador d\u2019Acci\u00f3 Cultural del Pa\u00eds Valenci\u00e0 (<span class=\"versaleta\">acpv<\/span>), Alfons Esteve (delegat sindical en la Universitat de Val\u00e8ncia de l\u2019<span class=\"versaleta\">stepv<\/span>, advocat, t\u00e8cnic ling\u00fc\u00edstic i tamb\u00e9 membre de l\u2019Institut de Pol\u00edtica Ling\u00fc\u00edstica d\u2019<span class=\"versaleta\">acpv<\/span>) i Marc Candela (responsable de comunicaci\u00f3 de l\u2019<span class=\"versaleta\">stepv<\/span>) han comparegut en roda de premsa conjunta de les dues entitats per a presentar la den\u00fancia que l\u2019associaci\u00f3 cultural i el sindicat han decidit de presentar contra el conseller Font de Mora.<\/p>\n<p>El coordinador d\u2019<span class=\"versaleta\">acpv<\/span> ha fet, en la roda de premsa, dues reflexions. La primera \u00e9s la consideraci\u00f3 de la gravetat que un dels m\u00e0xims representants del Govern auton\u00f2mic no respecte les diverses sent\u00e8ncies judicials que reconeixen la titulaci\u00f3 de Filologia Catalana com a t\u00edtol suficient per avalar els coneixements de valenci\u00e0 de qualsevol persona que es presente a la darrera convocat\u00f2ria d\u2019oposicions de la Conselleria d\u2019Educaci\u00f3. Com \u00e9s possible que un c\u00e0rrec p\u00fablic fa\u00e7a cas om\u00eds dels m\u00faltiples pronunciaments judicials, tots ells un\u00e0nims en el mateix sentit, sense cap conseq\u00fc\u00e8ncia? Qu\u00e8 passaria si un ciutad\u00e0 qualsevol obvi\u00e9s el que dicta una sent\u00e8ncia judicial?<\/p>\n<p>La gravetat d\u2019aquesta situaci\u00f3 justifica sobradament la den\u00fancia que han decidit presentar <span class=\"versaleta\">acpv<\/span> i l\u2019<span class=\"versaleta\">stepv<\/span> per pressumpta desobedi\u00e8ncia a la just\u00edcia i pressumpta desviaci\u00f3 de diners p\u00fablics, i l\u2019exig\u00e8ncia d\u2019una rectificaci\u00f3 p\u00fablica del conseller, en el sentit d\u2019acatar all\u00f2 que diuen els tribunals i validar el t\u00edtol de Filologia Catalana com a suficient per acreditar els coneixements de valenci\u00e0.<\/p>\n<p>La segona reflexi\u00f3 fa refer\u00e8ncia al fet que estem parlant d\u2019una q\u00fcesti\u00f3 que no afecta nom\u00e9s a la comunitat educativa, sin\u00f3 al conjunt de la societat valenciana, ja que no nom\u00e9s estem parlant de la resist\u00e8ncia a acatar unes sent\u00e8ncies judicials que afecten la convocat\u00f2ria d\u2019unes oposicions: ja hi ha un total de 21 sent\u00e8ncies &mdash;de moment&mdash; (1 del Tribunal Constitucional, 3 del Tribunal Suprem i 17 del Tribunal Superior de Just\u00edcia valenci\u00e0) que reconeixen la unitat de la llengua i la plena legalitat de la denominaci\u00f3 tamb\u00e9 de \u00abcatal\u00e0\u00bb per al \u00abvalenci\u00e0\u00bb. Amb l\u2019actitud del conseller Font de Mora &mdash;i del President Camps com avalador d\u2019aquest i m\u00e0xim responsable del Govern valenci\u00e0&mdash; a acatar els pronunciaments dels tribunals en aquest sentit, el Govern valenci\u00e0 es situa fora de la llei i dificulta la necess\u00e0ria entesa entre el Pa\u00eds Valenci\u00e0 i Catalunya en un context de crisi econ\u00f2mica, agreujada en el cas valenci\u00e0 per la crisi del model econ\u00f2mic i social del PP i els casos de pressumpta corrupci\u00f3 en els quals hi ha implicat diversos alts c\u00e0rrecs de la Generalitat valenciana.<\/p>\n<p>\u00c9s per aix\u00f2 que el coordinador d\u2019<span class=\"versaleta\">acpv<\/span> ha reclamat un canvi en la pol\u00edtica del Govern valenci\u00e0 en aquest \u00e0mbit, en el sentit de posar fi a la censura que pateix <span class=\"versaleta\">tv3<\/span> al Pa\u00eds Valenci\u00e0 i acatar el reconeixement de la unitat de la llengua i de la denominaci\u00f3 de catal\u00e0.\n<\/p><\/blockquote>\n","protected":false},"excerpt":{"rendered":"<p>Acci\u00f3 Cultural del Pa\u00eds Valenci\u00e0 ens fa arribar la nota de premsa seg\u00fcent: acpv i l\u2019stepv denuncien el conseller Font de Mora per no respectar les diverses sent\u00e8ncies judicials que validen la unitat de la llengua i la legalitat de la denominaci\u00f3 de \u00abcatal\u00e0\u00bb Toni Gisbert, coordinador d\u2019Acci\u00f3 Cultural del Pa\u00eds Valenci\u00e0 (acpv), Alfons Esteve [&hellip;]<\/p>\n","protected":false},"author":2,"featured_media":0,"comment_status":"open","ping_status":"open","sticky":false,"template":"","format":"standard","meta":{"footnotes":""},"categories":[36,4,1,15],"tags":[48,262,449],"class_list":["post-1089","post","type-post","status-publish","format-standard","hentry","category-allofobia","category-dret","category-general","category-laboral","tag-acpv","tag-justicia","tag-stepv"],"_links":{"self":[{"href":"https:\/\/www.cdlpv.org\/dtl\/wp-json\/wp\/v2\/posts\/1089","targetHints":{"allow":["GET"]}}],"collection":[{"href":"https:\/\/www.cdlpv.org\/dtl\/wp-json\/wp\/v2\/posts"}],"about":[{"href":"https:\/\/www.cdlpv.org\/dtl\/wp-json\/wp\/v2\/types\/post"}],"author":[{"embeddable":true,"href":"https:\/\/www.cdlpv.org\/dtl\/wp-json\/wp\/v2\/users\/2"}],"replies":[{"embeddable":true,"href":"https:\/\/www.cdlpv.org\/dtl\/wp-json\/wp\/v2\/comments?post=1089"}],"version-history":[{"count":0,"href":"https:\/\/www.cdlpv.org\/dtl\/wp-json\/wp\/v2\/posts\/1089\/revisions"}],"wp:attachment":[{"href":"https:\/\/www.cdlpv.org\/dtl\/wp-json\/wp\/v2\/media?parent=1089"}],"wp:term":[{"taxonomy":"category","embeddable":true,"href":"https:\/\/www.cdlpv.org\/dtl\/wp-json\/wp\/v2\/categories?post=1089"},{"taxonomy":"post_tag","embeddable":true,"href":"https:\/\/www.cdlpv.org\/dtl\/wp-json\/wp\/v2\/tags?post=1089"}],"curies":[{"name":"wp","href":"https:\/\/api.w.org\/{rel}","templated":true}]}}