{"id":1081,"date":"2009-05-26T13:29:22","date_gmt":"2009-05-26T12:29:22","guid":{"rendered":"http:\/\/www.cdlpv.org\/dtl\/?p=1081"},"modified":"2009-05-26T13:29:22","modified_gmt":"2009-05-26T12:29:22","slug":"curs-a-torrent-evolucio-del-valencia-culte-durant-els-segles-xix-i-xx","status":"publish","type":"post","link":"https:\/\/www.cdlpv.org\/dtl\/2009\/05\/26\/curs-a-torrent-evolucio-del-valencia-culte-durant-els-segles-xix-i-xx\/","title":{"rendered":"Curs a Torrent: Evoluci\u00f3 del valenci\u00e0 culte durant els segles XIX i XX"},"content":{"rendered":"<p class=\"MsoNormal\"><strong><span>Objectiu del curs:<\/span><\/strong><\/p>\n<p class=\"MsoNormal\"><strong><span> <\/span><\/strong><\/p>\n<p class=\"MsoNormal\"><span>Estudiar l\u2019evoluci\u00f3 del valenci\u00e0 culte per a comprendre la situaci\u00f3 actual, ja que les opinions que s\u2019expressen al voltant no solen tindre gens en compte el marc hist\u00f2ric, factor indispensable per a interpretar els fets socials.<\/span><\/p>\n<p class=\"MsoNormal\"><span> <\/span><\/p>\n<p class=\"MsoNormal\"><span> <\/span><\/p>\n<p class=\"MsoNormal\"><strong><span>Programa:<\/span><\/strong><\/p>\n<p class=\"MsoNormal\"><strong><span> <\/span><\/strong><\/p>\n<p class=\"MsoNormal\"><span>1. Marc te\u00f2ric. El concepte de normativa ling\u00fc\u00edstica. Els criteris<\/span><\/p>\n<p class=\"MsoNormal\"><span>2. Marc hist\u00f2ric. La premsa i el teatre entre 1800 i 1850<\/span><\/p>\n<p class=\"MsoNormal\"><span>3. Els dos corrents de la Renaixen\u00e7a. Llorente i Llombart<\/span><\/p>\n<p class=\"MsoNormal\"><span>4. El valenci\u00e0 culte cap a 1930: naturalitat i efic\u00e0cia<\/span><\/p>\n<p class=\"MsoNormal\"><span>5. Catalunya durant el s. <span style=\"font-variant: small-caps;\">xx<\/span>. El trencament del Noucentisme. La visi\u00f3 del valenci\u00e0, del balear i del DCVB<\/span><\/p>\n<p class=\"MsoNormal\"><span>6. Les concepcions de Sanchis Guarner i de Joan Fuster<\/span><\/p>\n<p class=\"MsoNormal\"><span>7. Conseq\u00fc\u00e8ncies sobre el per\u00edode 1970-1990<\/span><\/p>\n<p class=\"MsoNormal\"><span>8. Cap a un model aplicable a l\u2019oralitat: els anys noranta<\/span><\/p>\n<p class=\"MsoNormal\"><span> <\/span><\/p>\n<p class=\"MsoNormal\"><strong><span>Responsable del curs:<\/span><\/strong><\/p>\n<p class=\"MsoNormal\"><strong><span> <\/span><\/strong><\/p>\n<p class=\"MsoNormal\"><span>Sr. Abelard Saragoss\u00e0 i Alba<\/span><\/p>\n<p class=\"MsoNormal\"><span>Duraci\u00f3 del curs: 20 hores<\/span><\/p>\n<p class=\"MsoNormal\"><span>Cr\u00e8dits: 2<\/span><\/p>\n<p class=\"MsoNormal\"><span>Preu comunitat universit\u00e0ria: 46\u20ac<\/span><\/p>\n<p class=\"MsoNormal\"><span>Preu p\u00fablic en general: 64\u20ac<\/span><\/p>\n<p class=\"MsoNormal\"><span>Dies: del 13 al 16 de juliol<\/span><\/p>\n<p class=\"MsoNormal\"><span>Lloc:  Casa de Cultura. C\/Sagra, 17<br \/>\n<\/span><\/p>\n<p class=\"MsoNormal\"><span>Horari: de 9.00 a 14.00 hores<\/span><\/p>\n<p class=\"MsoNormal\"><span> <\/span><\/p>\n<p class=\"MsoNormal\"><strong><span> <\/span><\/strong><\/p>\n<p class=\"MsoNormal\"><strong><span>Informaci\u00f3:<\/span><\/strong><\/p>\n<p class=\"MsoNormal\"><strong><span> <\/span><\/strong><\/p>\n<p class=\"MsoNormal\"><span>Ajuntament de Torrent<\/span><\/p>\n<p class=\"MsoNormal\"><span>Departament d\u2019Educaci\u00f3<\/span><\/p>\n<p class=\"MsoNormal\"><span>Tel: 961111111<\/span><\/p>\n<p class=\"MsoNormal\"><span>Extensions 1182, 1054, 1067 i 1068<\/span><\/p>\n<p class=\"MsoNormal\"><span> <\/span><\/p>\n<p class=\"MsoNormal\"><span> <\/span><\/p>\n<p class=\"MsoNormal\"><strong><span>Inscripcions:<\/span><\/strong><\/p>\n<p class=\"MsoNormal\"><span>A partir de l\u20191 de juny<\/span><\/p>\n<p class=\"MsoNormal\"><span>Servei d\u2019Extensi\u00f3 Universit\u00e0ria<\/span><\/p>\n<p class=\"MsoNormal\"><span><a href=\"http:\/\/extensio.uv.es\/\">http:\/\/extensio.uv.es\/<\/a> <\/span><\/p>\n<p class=\"MsoNormal\"><span> <\/span><\/p>\n<p class=\"MsoNormal\"><span> <\/span><\/p>\n","protected":false},"excerpt":{"rendered":"<p>Objectiu del curs: Estudiar l\u2019evoluci\u00f3 del valenci\u00e0 culte per a comprendre la situaci\u00f3 actual, ja que les opinions que s\u2019expressen al voltant no solen tindre gens en compte el marc hist\u00f2ric, factor indispensable per a interpretar els fets socials. Programa: 1. Marc te\u00f2ric. El concepte de normativa ling\u00fc\u00edstica. Els criteris 2. Marc hist\u00f2ric. La premsa [&hellip;]<\/p>\n","protected":false},"author":7,"featured_media":0,"comment_status":"open","ping_status":"open","sticky":false,"template":"","format":"standard","meta":{"footnotes":""},"categories":[10],"tags":[476],"class_list":["post-1081","post","type-post","status-publish","format-standard","hentry","category-formacio","tag-torrent"],"_links":{"self":[{"href":"https:\/\/www.cdlpv.org\/dtl\/wp-json\/wp\/v2\/posts\/1081","targetHints":{"allow":["GET"]}}],"collection":[{"href":"https:\/\/www.cdlpv.org\/dtl\/wp-json\/wp\/v2\/posts"}],"about":[{"href":"https:\/\/www.cdlpv.org\/dtl\/wp-json\/wp\/v2\/types\/post"}],"author":[{"embeddable":true,"href":"https:\/\/www.cdlpv.org\/dtl\/wp-json\/wp\/v2\/users\/7"}],"replies":[{"embeddable":true,"href":"https:\/\/www.cdlpv.org\/dtl\/wp-json\/wp\/v2\/comments?post=1081"}],"version-history":[{"count":0,"href":"https:\/\/www.cdlpv.org\/dtl\/wp-json\/wp\/v2\/posts\/1081\/revisions"}],"wp:attachment":[{"href":"https:\/\/www.cdlpv.org\/dtl\/wp-json\/wp\/v2\/media?parent=1081"}],"wp:term":[{"taxonomy":"category","embeddable":true,"href":"https:\/\/www.cdlpv.org\/dtl\/wp-json\/wp\/v2\/categories?post=1081"},{"taxonomy":"post_tag","embeddable":true,"href":"https:\/\/www.cdlpv.org\/dtl\/wp-json\/wp\/v2\/tags?post=1081"}],"curies":[{"name":"wp","href":"https:\/\/api.w.org\/{rel}","templated":true}]}}